{"id":24030,"date":"2026-03-05T15:32:18","date_gmt":"2026-03-05T15:32:18","guid":{"rendered":"https:\/\/alertasaltillo.com\/?p=24030"},"modified":"2026-03-05T15:32:20","modified_gmt":"2026-03-05T15:32:20","slug":"activa-javier-diaz-a-las-y-los-saltillenses-en-espacios-rehabilitados","status":"publish","type":"post","link":"https:\/\/alertasaltillo.com\/index.php\/2026\/03\/05\/activa-javier-diaz-a-las-y-los-saltillenses-en-espacios-rehabilitados\/","title":{"rendered":"ACTIVA JAVIER D\u00cdAZ A LAS Y LOS SALTILLENSES EN ESPACIOS REHABILITADOS"},"content":{"rendered":"\n<p><em>Programa municipal \u201cActiva tu Parque\u201d ha devuelto la vida a estos puntos<\/em><\/p>\n\n\n\n<p>Saltillo, Coahuila de Zaragoza; 04 de marzo de 2026.- Gracias al programa \u201cActiva tu Parque\u201d, impulsado por el alcalde Javier D\u00edaz Gonz\u00e1lez, las y los saltillenses de todas las edades han tomado estos espacios rehabilitados para llevar a cabo actividades deportivas, recreativas y culturales.<\/p>\n\n\n\n<p>\u201cY lo m\u00e1s importante de todo es que se est\u00e1 fortaleciendo el tejido social; las y los vecinos de las plazas salen y se re\u00fanen todos los d\u00edas en espacios dignos y seguros\u201d, se\u00f1al\u00f3 el alcalde Javier D\u00edaz.<\/p>\n\n\n\n<p>Javier D\u00edaz mencion\u00f3 que, a trav\u00e9s del Instituto Municipal de Cultura F\u00edsica y Deporte y del Instituto Municipal de Cultura, as\u00ed como con el apoyo de promotores deportivos y culturales, se llevan a cabo actividades permanentes en las que participan ni\u00f1as, ni\u00f1os, j\u00f3venes y adultos.<\/p>\n\n\n\n<p>Ejemplo de ello son las convivencias organizadas con integrantes del Saltillo Soccer, quienes han estado presentes en puntos como Saltillo 2000, Nazario S. Ortiz Garza, Gustavo Espinoza Mireles y El Minero.<\/p>\n\n\n\n<p>En estas \u00faltimas dos colonias se han llevado a cabo, adem\u00e1s, activaciones f\u00edsicas con bailotones.<\/p>\n\n\n\n<p>Asimismo, gracias a la intervenci\u00f3n de promotores culturales, se han desarrollado diferentes ediciones de La Ruta M\u00e1s Creativa, acercando el arte urbano al interior de las colonias, as\u00ed como presentaciones de m\u00fasica, arte y baile, entre otras actividades.<\/p>\n\n\n\n<p>El presidente municipal de Saltillo mencion\u00f3 que, durante su primer a\u00f1o de administraci\u00f3n, con el apoyo del gobernador Manolo Jim\u00e9nez Salinas y la iniciativa privada, se invirtieron m\u00e1s de 35 millones de pesos en el programa \u201cActiva tu Parque\u201d, en puntos como el Skate Park Saltillo 2000, Mirasierra Spurs, la cancha Benito Ju\u00e1rez, la plaza sobre el bulevar El Minero, el espacio Jes\u00fas Carranza, el parque Abraham Curbelo, as\u00ed como el ubicado en la colonia Espinoza Mireles, entre otros.<\/p>\n\n\n\n<p>Y este a\u00f1o arrancaron los trabajos de intervenci\u00f3n en las plazas p\u00fablicas de las colonias Azteca, La Madrid, Maravillas y Virreyes, mismas que forman parte del programa Participa Saltillo, proyectos propuestos por la propia ciudadan\u00eda.<\/p>\n\n\n\n<p>\u201cLo que buscamos es rehabilitar y reactivar los espacios p\u00fablicos en Saltillo, porque los parques y plazas deben ser puntos de encuentro seguros, funcionales y accesibles para todas y todos\u201d, dijo.<\/p>\n\n\n\n<p><\/p>\n","protected":false},"excerpt":{"rendered":"<p>Programa municipal \u201cActiva tu Parque\u201d ha devuelto la vida a estos puntos Saltillo, Coahuila de Zaragoza; 04 de marzo de 2026.- Gracias al programa \u201cActiva tu Parque\u201d, impulsado por el alcalde Javier D\u00edaz Gonz\u00e1lez, las y los saltillenses de todas las edades han tomado estos espacios rehabilitados para llevar a cabo actividades deportivas, recreativas y [&hellip;]<\/p>\n","protected":false},"author":4,"featured_media":24031,"comment_status":"open","ping_status":"open","sticky":false,"template":"","format":"standard","meta":[],"categories":[187],"tags":[],"_links":{"self":[{"href":"https:\/\/alertasaltillo.com\/index.php\/wp-json\/wp\/v2\/posts\/24030"}],"collection":[{"href":"https:\/\/alertasaltillo.com\/index.php\/wp-json\/wp\/v2\/posts"}],"about":[{"href":"https:\/\/alertasaltillo.com\/index.php\/wp-json\/wp\/v2\/types\/post"}],"author":[{"embeddable":true,"href":"https:\/\/alertasaltillo.com\/index.php\/wp-json\/wp\/v2\/users\/4"}],"replies":[{"embeddable":true,"href":"https:\/\/alertasaltillo.com\/index.php\/wp-json\/wp\/v2\/comments?post=24030"}],"version-history":[{"count":1,"href":"https:\/\/alertasaltillo.com\/index.php\/wp-json\/wp\/v2\/posts\/24030\/revisions"}],"predecessor-version":[{"id":24032,"href":"https:\/\/alertasaltillo.com\/index.php\/wp-json\/wp\/v2\/posts\/24030\/revisions\/24032"}],"wp:featuredmedia":[{"embeddable":true,"href":"https:\/\/alertasaltillo.com\/index.php\/wp-json\/wp\/v2\/media\/24031"}],"wp:attachment":[{"href":"https:\/\/alertasaltillo.com\/index.php\/wp-json\/wp\/v2\/media?parent=24030"}],"wp:term":[{"taxonomy":"category","embeddable":true,"href":"https:\/\/alertasaltillo.com\/index.php\/wp-json\/wp\/v2\/categories?post=24030"},{"taxonomy":"post_tag","embeddable":true,"href":"https:\/\/alertasaltillo.com\/index.php\/wp-json\/wp\/v2\/tags?post=24030"}],"curies":[{"name":"wp","href":"https:\/\/api.w.org\/{rel}","templated":true}]}}