{"id":23977,"date":"2026-03-04T21:16:48","date_gmt":"2026-03-04T21:16:48","guid":{"rendered":"https:\/\/alertasaltillo.com\/?p=23977"},"modified":"2026-03-04T21:16:51","modified_gmt":"2026-03-04T21:16:51","slug":"dirigira-roberto-cardenas-la-direccion-de-salud-publica-municipal","status":"publish","type":"post","link":"https:\/\/alertasaltillo.com\/index.php\/2026\/03\/04\/dirigira-roberto-cardenas-la-direccion-de-salud-publica-municipal\/","title":{"rendered":"DIRIGIR\u00c1 ROBERTO C\u00c1RDENAS LA DIRECCI\u00d3N DE SALUD P\u00daBLICA MUNICIPAL"},"content":{"rendered":"\n<p><em>Destaca su trayectoria en el sector salud y el servicio p\u00fablico<\/em><\/p>\n\n\n\n<p>Saltillo, Coahuila de Zaragoza; 03 de marzo de 2026.- El alcalde de Saltillo, Javier D\u00edaz Gonz\u00e1lez, design\u00f3 a Roberto C\u00e1rdenas Zavala como nuevo director de Salud P\u00fablica Municipal.<\/p>\n\n\n\n<p>C\u00e1rdenas Zavala, m\u00e9dico cirujano pediatra, cuenta con una amplia trayectoria en el sector salud, tanto en Saltillo como en Coahuila.<\/p>\n\n\n\n<p>Se desempe\u00f1\u00f3 como subsecretario de Salud en el Gobierno del Estado de Coahuila; jefe de la Jurisdicci\u00f3n Sanitaria N\u00famero 8; y secretario general del Sindicato del Instituto Mexicano del Seguro Social.<\/p>\n\n\n\n<p>Asimismo, cuenta con experiencia en el servicio p\u00fablico a favor de la poblaci\u00f3n.<\/p>\n\n\n\n<p>Fue director del Sistema DIF Coahuila y director del DIF Saltillo durante el inicio de la actual administraci\u00f3n del alcalde Javier D\u00edaz Gonz\u00e1lez, \u00e1reas en las que contribuy\u00f3 a mejorar la calidad de vida de las y los ciudadanos.<\/p>\n\n\n\n<p>El doctor Rub\u00e9n Rodr\u00edguez Lindsay se integrar\u00e1 a un programa de atenci\u00f3n m\u00e9dica que pronto arrancar\u00e1 la administraci\u00f3n municipal.<\/p>\n\n\n\n<p><\/p>\n","protected":false},"excerpt":{"rendered":"<p>Destaca su trayectoria en el sector salud y el servicio p\u00fablico Saltillo, Coahuila de Zaragoza; 03 de marzo de 2026.- El alcalde de Saltillo, Javier D\u00edaz Gonz\u00e1lez, design\u00f3 a Roberto C\u00e1rdenas Zavala como nuevo director de Salud P\u00fablica Municipal. C\u00e1rdenas Zavala, m\u00e9dico cirujano pediatra, cuenta con una amplia trayectoria en el sector salud, tanto en [&hellip;]<\/p>\n","protected":false},"author":4,"featured_media":23978,"comment_status":"open","ping_status":"open","sticky":false,"template":"","format":"standard","meta":[],"categories":[197],"tags":[],"_links":{"self":[{"href":"https:\/\/alertasaltillo.com\/index.php\/wp-json\/wp\/v2\/posts\/23977"}],"collection":[{"href":"https:\/\/alertasaltillo.com\/index.php\/wp-json\/wp\/v2\/posts"}],"about":[{"href":"https:\/\/alertasaltillo.com\/index.php\/wp-json\/wp\/v2\/types\/post"}],"author":[{"embeddable":true,"href":"https:\/\/alertasaltillo.com\/index.php\/wp-json\/wp\/v2\/users\/4"}],"replies":[{"embeddable":true,"href":"https:\/\/alertasaltillo.com\/index.php\/wp-json\/wp\/v2\/comments?post=23977"}],"version-history":[{"count":1,"href":"https:\/\/alertasaltillo.com\/index.php\/wp-json\/wp\/v2\/posts\/23977\/revisions"}],"predecessor-version":[{"id":23979,"href":"https:\/\/alertasaltillo.com\/index.php\/wp-json\/wp\/v2\/posts\/23977\/revisions\/23979"}],"wp:featuredmedia":[{"embeddable":true,"href":"https:\/\/alertasaltillo.com\/index.php\/wp-json\/wp\/v2\/media\/23978"}],"wp:attachment":[{"href":"https:\/\/alertasaltillo.com\/index.php\/wp-json\/wp\/v2\/media?parent=23977"}],"wp:term":[{"taxonomy":"category","embeddable":true,"href":"https:\/\/alertasaltillo.com\/index.php\/wp-json\/wp\/v2\/categories?post=23977"},{"taxonomy":"post_tag","embeddable":true,"href":"https:\/\/alertasaltillo.com\/index.php\/wp-json\/wp\/v2\/tags?post=23977"}],"curies":[{"name":"wp","href":"https:\/\/api.w.org\/{rel}","templated":true}]}}