{"id":23956,"date":"2026-03-03T14:07:48","date_gmt":"2026-03-03T14:07:48","guid":{"rendered":"https:\/\/alertasaltillo.com\/?p=23956"},"modified":"2026-03-03T14:08:13","modified_gmt":"2026-03-03T14:08:13","slug":"impulsa-saltillo-reforestacion-de-vialidades-con-su-programa-bosques-lineales-urbanos","status":"publish","type":"post","link":"https:\/\/alertasaltillo.com\/index.php\/2026\/03\/03\/impulsa-saltillo-reforestacion-de-vialidades-con-su-programa-bosques-lineales-urbanos\/","title":{"rendered":"IMPULSA SALTILLO REFORESTACI\u00d3N DE VIALIDADES CON SU PROGRAMA \u00abBOSQUES LINEALES URBANOS\u00bb"},"content":{"rendered":"\n<p><em>Alcalde Javier D\u00edaz avanza en la consolidaci\u00f3n de una ciudad m\u00e1s verde y sostenible<\/em><\/p>\n\n\n\n<p><em>Sembrar\u00e1 Municipio encinos siempreverdes y palmas Washingtonias<\/em><\/p>\n\n\n\n<p>Saltillo, Coahuila de Zaragoza; 02 de marzo de 2026.- El gobierno de Javier D\u00edaz Gonz\u00e1lez dio inicio a su programa \u201cBosques Lineales Urbanos\u201d, con el que se reforestar\u00e1n los camellones centrales y \u00e1reas verdes de los principales bulevares de Saltillo, con la siembra de m\u00e1s de mil 500 \u00e1rboles y palmas durante los pr\u00f3ximos meses.<\/p>\n\n\n\n<p>Emmanuel Olache Vald\u00e9s, director de Medio Ambiente y Desarrollo Sustentable, inform\u00f3 que, por instrucci\u00f3n del alcalde Javier D\u00edaz, con estas labores realizadas sobre el camell\u00f3n central del bulevar Moctezuma, en el tramo que comprende entre los bulevares Jos\u00e9 Musa de Le\u00f3n y Eulalio Guti\u00e9rrez Trevi\u00f1o, se da inicio a la temporada de reforestaci\u00f3n en Saltillo.<\/p>\n\n\n\n<p>\u201cEstas acciones, que se llevan a cabo con el apoyo del gobernador Manolo Jim\u00e9nez Salinas, forman parte de la estrategia integral de infraestructura verde que busca incrementar la cobertura arb\u00f3rea en zonas de alta circulaci\u00f3n vehicular, mejorar la imagen urbana y contribuir a la mitigaci\u00f3n de los efectos del cambio clim\u00e1tico\u201d, asegur\u00f3 Olache Vald\u00e9s.<\/p>\n\n\n\n<p>Destac\u00f3 que los encinos siempre verdes con los que se reforestar\u00e1n las principales vialidades de la ciudad se adaptan con facilidad al clima semi\u00e1rido de la regi\u00f3n y tienen la capacidad de mantener follaje durante todo el a\u00f1o, por lo que aportar\u00e1n sombra permanente, captaci\u00f3n de carbono y regulaci\u00f3n de la temperatura en estos espacios.<\/p>\n\n\n\n<p>Otra especie a plantar dentro del programa \u201cBosques Lineales Urbanos\u201d ser\u00e1n palmas de la especie Washingtonia, las cuales brindan resistencia a condiciones urbanas, lo que favorece su mantenimiento sostenible.<\/p>\n\n\n\n<p>Previo a la plantaci\u00f3n, brigadas del Vivero Municipal de Saltillo realizan trabajos de preparaci\u00f3n de suelo, mejoramiento con materia org\u00e1nica y delimitaci\u00f3n de \u00e1reas verdes, a fin de garantizar el correcto desarrollo de las especies.<\/p>\n\n\n\n<p>El programa \u201cBosques Lineales Urbanos\u201d contempla la intervenci\u00f3n de bulevares como Emilio Arizpe de la Maza, Jes\u00fas Vald\u00e9s S\u00e1nchez, Francisco Coss, Antonio C\u00e1rdenas, Nazario S. Ortiz Garza, Mirasierra, Venustiano Carranza, entre otros.<\/p>\n\n\n\n<p>Emmanuel Olache Vald\u00e9s resalt\u00f3 que estas reforestaciones se sumar\u00e1n a las que el Gobierno Municipal lleva a cabo a trav\u00e9s de diversos programas municipales como \u201cActiva tu Parque\u201d, \u201cColonias al 100\u201d, as\u00ed como el fortalecimiento de la reforestaci\u00f3n masiva en la Sierra Zapalinam\u00e9, entre otros, durante este 2026.<\/p>\n\n\n\n<p>Con estas acciones, el alcalde Javier D\u00edaz Gonz\u00e1lez reafirma su compromiso con el desarrollo urbano sostenible, la promoci\u00f3n de espacios p\u00fablicos m\u00e1s agradables, ordenados y dignos, para el beneficio de las familias saltillenses.<\/p>\n\n\n\n<p><\/p>\n","protected":false},"excerpt":{"rendered":"<p>Alcalde Javier D\u00edaz avanza en la consolidaci\u00f3n de una ciudad m\u00e1s verde y sostenible Sembrar\u00e1 Municipio encinos siempreverdes y palmas Washingtonias Saltillo, Coahuila de Zaragoza; 02 de marzo de 2026.- El gobierno de Javier D\u00edaz Gonz\u00e1lez dio inicio a su programa \u201cBosques Lineales Urbanos\u201d, con el que se reforestar\u00e1n los camellones centrales y \u00e1reas verdes [&hellip;]<\/p>\n","protected":false},"author":4,"featured_media":23957,"comment_status":"open","ping_status":"open","sticky":false,"template":"","format":"standard","meta":[],"categories":[5],"tags":[],"_links":{"self":[{"href":"https:\/\/alertasaltillo.com\/index.php\/wp-json\/wp\/v2\/posts\/23956"}],"collection":[{"href":"https:\/\/alertasaltillo.com\/index.php\/wp-json\/wp\/v2\/posts"}],"about":[{"href":"https:\/\/alertasaltillo.com\/index.php\/wp-json\/wp\/v2\/types\/post"}],"author":[{"embeddable":true,"href":"https:\/\/alertasaltillo.com\/index.php\/wp-json\/wp\/v2\/users\/4"}],"replies":[{"embeddable":true,"href":"https:\/\/alertasaltillo.com\/index.php\/wp-json\/wp\/v2\/comments?post=23956"}],"version-history":[{"count":1,"href":"https:\/\/alertasaltillo.com\/index.php\/wp-json\/wp\/v2\/posts\/23956\/revisions"}],"predecessor-version":[{"id":23958,"href":"https:\/\/alertasaltillo.com\/index.php\/wp-json\/wp\/v2\/posts\/23956\/revisions\/23958"}],"wp:featuredmedia":[{"embeddable":true,"href":"https:\/\/alertasaltillo.com\/index.php\/wp-json\/wp\/v2\/media\/23957"}],"wp:attachment":[{"href":"https:\/\/alertasaltillo.com\/index.php\/wp-json\/wp\/v2\/media?parent=23956"}],"wp:term":[{"taxonomy":"category","embeddable":true,"href":"https:\/\/alertasaltillo.com\/index.php\/wp-json\/wp\/v2\/categories?post=23956"},{"taxonomy":"post_tag","embeddable":true,"href":"https:\/\/alertasaltillo.com\/index.php\/wp-json\/wp\/v2\/tags?post=23956"}],"curies":[{"name":"wp","href":"https:\/\/api.w.org\/{rel}","templated":true}]}}