{"id":23934,"date":"2026-03-03T13:04:58","date_gmt":"2026-03-03T13:04:58","guid":{"rendered":"https:\/\/alertasaltillo.com\/?p=23934"},"modified":"2026-03-03T13:05:36","modified_gmt":"2026-03-03T13:05:36","slug":"vive-saltillo-fin-de-semana-vaquero-con-el-agrofest-coahuila-2026","status":"publish","type":"post","link":"https:\/\/alertasaltillo.com\/index.php\/2026\/03\/03\/vive-saltillo-fin-de-semana-vaquero-con-el-agrofest-coahuila-2026\/","title":{"rendered":"VIVE SALTILLO FIN DE SEMANA VAQUERO CON EL AGROFEST COAHUILA 2026"},"content":{"rendered":"\n<p><\/p>\n\n\n\n<p>Saltillo, Coahuila de Zaragoza; a 1 de marzo de 2026.- Nuestro estado cerr\u00f3 el mes de febrero e inici\u00f3 marzo poniendo en valor la cultura vaquera con el Agrofest Coahuila 2026 \u201cTierra de contrastes\u201d que se realiz\u00f3 con \u00e9xito los d\u00edas 28 de febrero y 1 de marzo en las instalaciones de la Feria Saltillo.<\/p>\n\n\n\n<p>La cuarta edici\u00f3n ofreci\u00f3 a turistas y visitantes exposici\u00f3n agropecuaria, comercial, industrial y cultural con rodeo, concursos, gastronom\u00eda, m\u00fasica en vivo, charrer\u00eda, cabalgata, baile popular, as\u00ed como actividades infantiles.<\/p>\n\n\n\n<p>Se estim\u00f3 una asistencia de 30 mil personas y una derrama econ\u00f3mica superior a los 12 millones de pesos.<\/p>\n\n\n\n<p>El Pabell\u00f3n de los Pueblos M\u00e1gicos fue todo un \u00e9xito al recibir a turistas y visitantes.<\/p>\n\n\n\n<p>Hubo concursos como \u201cBrasa y le\u00f1a\u201d con 3 categor\u00edas: Rib Eye, Sea Food y Ave; Concurso de Caballos Cuarto de Milla en el que se rif\u00f3 una montura, Concurso de Polkas, Concurso del Becerro Gordo donde competieron entre 28 y 30 animales, y tambi\u00e9n una competencia de rodeo juvenil del selectivo rumbo a CONADE.<\/p>\n\n\n\n<p>Se llev\u00f3 a cabo la tradicional cabalgata al Pueblo M\u00e1gico de Arteaga y un baile popular con el grupo \u201cLos Viejones\u201d.<\/p>\n\n\n\n<p>Para las ni\u00f1as y ni\u00f1os, hubo Rodeo Infantil con monta de borregos y becerros, carrera de ponys y concurso con payasos; adem\u00e1s, les ense\u00f1aron a montar. Hubo granja infantil con animales como llamas, burritos enanos, chivas y cerdos; un \u00e1rea de dibujo y figuras de yeso para pintar y decorar.<\/p>\n\n\n\n<p>Agrofest Coahuila 2026 fue organizado por egresados de la UAAAN y organizaciones vinculadas al sector agropecuario de Coahuila, con la participaci\u00f3n de productores ganaderos y comerciales.<\/p>\n\n\n\n<p>Para la secretar\u00eda de Turismo y Desarrollo de Pueblos M\u00e1gicos festivales como el Agrofest Coahuila 2026 son una oportunidad para disfrutar la cultura vaquera y nuestras tradiciones norte\u00f1as en familia, se\u00f1al\u00f3 la subsecretaria de Turismo, Martha Elena Moncada Zertuche, encargada del despacho de SECTUR Coahuila.<\/p>\n\n\n\n<p>\u201cEl gobernador Manolo Jim\u00e9nez Salinas ha reiterado que el impulso al campo, al turismo y al trabajo productivo es prioridad para el crecimiento de Coahuila\u201d, dijo.<\/p>\n\n\n\n<p>Hoy somos un estado seguro, con condiciones propicias para la realizaci\u00f3n de eventos familiares de gran nivel, y Agrofest es ejemplo de ello, finaliz\u00f3 Martha Moncada.<\/p>\n","protected":false},"excerpt":{"rendered":"<p>Saltillo, Coahuila de Zaragoza; a 1 de marzo de 2026.- Nuestro estado cerr\u00f3 el mes de febrero e inici\u00f3 marzo poniendo en valor la cultura vaquera con el Agrofest Coahuila 2026 \u201cTierra de contrastes\u201d que se realiz\u00f3 con \u00e9xito los d\u00edas 28 de febrero y 1 de marzo en las instalaciones de la Feria Saltillo. [&hellip;]<\/p>\n","protected":false},"author":4,"featured_media":23935,"comment_status":"open","ping_status":"open","sticky":false,"template":"","format":"standard","meta":[],"categories":[208],"tags":[],"_links":{"self":[{"href":"https:\/\/alertasaltillo.com\/index.php\/wp-json\/wp\/v2\/posts\/23934"}],"collection":[{"href":"https:\/\/alertasaltillo.com\/index.php\/wp-json\/wp\/v2\/posts"}],"about":[{"href":"https:\/\/alertasaltillo.com\/index.php\/wp-json\/wp\/v2\/types\/post"}],"author":[{"embeddable":true,"href":"https:\/\/alertasaltillo.com\/index.php\/wp-json\/wp\/v2\/users\/4"}],"replies":[{"embeddable":true,"href":"https:\/\/alertasaltillo.com\/index.php\/wp-json\/wp\/v2\/comments?post=23934"}],"version-history":[{"count":1,"href":"https:\/\/alertasaltillo.com\/index.php\/wp-json\/wp\/v2\/posts\/23934\/revisions"}],"predecessor-version":[{"id":23936,"href":"https:\/\/alertasaltillo.com\/index.php\/wp-json\/wp\/v2\/posts\/23934\/revisions\/23936"}],"wp:featuredmedia":[{"embeddable":true,"href":"https:\/\/alertasaltillo.com\/index.php\/wp-json\/wp\/v2\/media\/23935"}],"wp:attachment":[{"href":"https:\/\/alertasaltillo.com\/index.php\/wp-json\/wp\/v2\/media?parent=23934"}],"wp:term":[{"taxonomy":"category","embeddable":true,"href":"https:\/\/alertasaltillo.com\/index.php\/wp-json\/wp\/v2\/categories?post=23934"},{"taxonomy":"post_tag","embeddable":true,"href":"https:\/\/alertasaltillo.com\/index.php\/wp-json\/wp\/v2\/tags?post=23934"}],"curies":[{"name":"wp","href":"https:\/\/api.w.org\/{rel}","templated":true}]}}