{"id":23915,"date":"2026-03-02T02:52:23","date_gmt":"2026-03-02T02:52:23","guid":{"rendered":"https:\/\/alertasaltillo.com\/?p=23915"},"modified":"2026-03-02T02:52:28","modified_gmt":"2026-03-02T02:52:28","slug":"conductor-embiste-a-dos-jovenes-que-conducian-motocicleta","status":"publish","type":"post","link":"https:\/\/alertasaltillo.com\/index.php\/2026\/03\/02\/conductor-embiste-a-dos-jovenes-que-conducian-motocicleta\/","title":{"rendered":"CONDUCTOR EMBISTE A DOS J\u00d3VENES QUE CONDUC\u00cdAN MOTOCICLETA"},"content":{"rendered":"\n<p><\/p>\n\n\n\n<h2>Ambos j\u00f3venes iban juntos en una moto y resultaron lesionados, al ser derribados por un auto compacto<\/h2>\n\n\n\n<p>Dos j\u00f3venes resultaron con raspones y heridas en las piernas&nbsp;<strong><a href=\"https:\/\/vanguardia.com.mx\/coahuila\/saltillo\/vuelta-prohibida-provoca-aparatoso-choque-contra-bmw-en-saltillo-dos-lesionados-LP19431587\">tras chocar<\/a><\/strong>&nbsp;la motocicleta en la que viajaban, durante la tarde del domingo.<\/p>\n\n\n\n<p>Todo ocurri\u00f3 en el cruce de Presidente C\u00e1rdenas y Urdi\u00f1ola, hasta donde arribaron param\u00e9dicos de la Cruz Roja. Giovani N., de 20 a\u00f1os de edad, y su acompa\u00f1ante fueron valorados en el lugar, sin que fuera necesario su traslado a una cl\u00ednica.<\/p>\n\n\n\n<p>Ambos permanecieron en el sitio a la espera de que la aseguradora del veh\u00edculo involucrado, un Chevrolet Spark,\u00a0<strong>respondiera por los da\u00f1os<\/strong>. Iv\u00e1n N., de 18 a\u00f1os, circulaba en su Chevrolet Spark por Paseo de la Reforma. Al llegar al cruce con Urdi\u00f1ola, dio vuelta hacia el sur para incorporarse a Presidente C\u00e1rdenas, donde embisti\u00f3 a los tripulantes de la motocicleta.<\/p>\n\n\n\n<p>Los j\u00f3venes quedaron tendidos sobre el pavimento y fueron atendidos por los socorristas en una ambulancia.\u00a0<strong>El probable responsable del accidente\u00a0<\/strong>solicit\u00f3 a su aseguradora que se hiciera cargo de la reparaci\u00f3n de los da\u00f1os materiales.<\/p>\n\n\n\n<p>Con Informaci\u00f3n tomada de VANGUARDIA<\/p>\n","protected":false},"excerpt":{"rendered":"<p>Ambos j\u00f3venes iban juntos en una moto y resultaron lesionados, al ser derribados por un auto compacto Dos j\u00f3venes resultaron con raspones y heridas en las piernas&nbsp;tras chocar&nbsp;la motocicleta en la que viajaban, durante la tarde del domingo. Todo ocurri\u00f3 en el cruce de Presidente C\u00e1rdenas y Urdi\u00f1ola, hasta donde arribaron param\u00e9dicos de la Cruz [&hellip;]<\/p>\n","protected":false},"author":4,"featured_media":23916,"comment_status":"open","ping_status":"open","sticky":false,"template":"","format":"standard","meta":[],"categories":[199],"tags":[],"_links":{"self":[{"href":"https:\/\/alertasaltillo.com\/index.php\/wp-json\/wp\/v2\/posts\/23915"}],"collection":[{"href":"https:\/\/alertasaltillo.com\/index.php\/wp-json\/wp\/v2\/posts"}],"about":[{"href":"https:\/\/alertasaltillo.com\/index.php\/wp-json\/wp\/v2\/types\/post"}],"author":[{"embeddable":true,"href":"https:\/\/alertasaltillo.com\/index.php\/wp-json\/wp\/v2\/users\/4"}],"replies":[{"embeddable":true,"href":"https:\/\/alertasaltillo.com\/index.php\/wp-json\/wp\/v2\/comments?post=23915"}],"version-history":[{"count":1,"href":"https:\/\/alertasaltillo.com\/index.php\/wp-json\/wp\/v2\/posts\/23915\/revisions"}],"predecessor-version":[{"id":23917,"href":"https:\/\/alertasaltillo.com\/index.php\/wp-json\/wp\/v2\/posts\/23915\/revisions\/23917"}],"wp:featuredmedia":[{"embeddable":true,"href":"https:\/\/alertasaltillo.com\/index.php\/wp-json\/wp\/v2\/media\/23916"}],"wp:attachment":[{"href":"https:\/\/alertasaltillo.com\/index.php\/wp-json\/wp\/v2\/media?parent=23915"}],"wp:term":[{"taxonomy":"category","embeddable":true,"href":"https:\/\/alertasaltillo.com\/index.php\/wp-json\/wp\/v2\/categories?post=23915"},{"taxonomy":"post_tag","embeddable":true,"href":"https:\/\/alertasaltillo.com\/index.php\/wp-json\/wp\/v2\/tags?post=23915"}],"curies":[{"name":"wp","href":"https:\/\/api.w.org\/{rel}","templated":true}]}}