{"id":23906,"date":"2026-03-02T02:40:14","date_gmt":"2026-03-02T02:40:14","guid":{"rendered":"https:\/\/alertasaltillo.com\/?p=23906"},"modified":"2026-03-02T02:40:25","modified_gmt":"2026-03-02T02:40:25","slug":"inicia-con-exito-temporada-primavera-verano-de-la-compania-de-opera-de-saltillo","status":"publish","type":"post","link":"https:\/\/alertasaltillo.com\/index.php\/2026\/03\/02\/inicia-con-exito-temporada-primavera-verano-de-la-compania-de-opera-de-saltillo\/","title":{"rendered":"INICIA CON \u00c9XITO TEMPORADA PRIMAVERA-VERANO DE LA COMPA\u00d1\u00cdA DE \u00d3PERA DE SALTILLO"},"content":{"rendered":"\n<p><\/p>\n\n\n\n<p><em>Ofrecen dos presentaciones del concierto \u201cElogio del Bel Canto\u201d en el Centro Cultural Casa Purcell<\/em><\/p>\n\n\n\n<p>Saltillo, Coahuila de Zaragoza; 01 de marzo de 2026.- Con dos presentaciones exitosas del concierto \u201cElogio del Bel Canto\u201d en el Centro Cultural Casa Purcell, la Compa\u00f1\u00eda de \u00d3pera de Saltillo inaugur\u00f3 este fin de semana su temporada primavera-verano \u201cTrilog\u00eda\u201d, funciones que fueron bien recibidas por quienes asistieron a los eventos.<\/p>\n\n\n\n<p>La directora del Instituto Municipal de Cultura, Leticia Rodarte Rangel, coment\u00f3 que estas presentaciones forman parte de la agenda cultural que se brinda en la administraci\u00f3n que encabeza el alcalde Javier D\u00edaz Gonz\u00e1lez.<\/p>\n\n\n\n<p>\u201cLas presentaciones de la Compa\u00f1\u00eda de \u00d3pera de Saltillo han sido muy bien recibidas por el p\u00fablico, gracias a su calidad musical y de interpretaci\u00f3n\u201d, coment\u00f3 Rodarte Rangel.<\/p>\n\n\n\n<p>El concierto \u201cElogio del Bel Canto\u201d cont\u00f3 con la participaci\u00f3n de Alejandro Reyes Vald\u00e9s como director musical; Abdiel Mendoza en la producci\u00f3n; Eric Vald\u00e9s Marines en el piano; mientras que en las interpretaciones participaron las voces de Valeria Oreg\u00f3n, Eduardo Canela, Cintli Cruz, Wicho Caro, Judith Nuncio, Samantha Rodr\u00edguez, Alioth Gait\u00e1n, Dayan Garc\u00eda, Ernesto Barrientos, Eva Mor\u00f3n, Aime\u00e9 Tamayo, Keila Mart\u00ednez y Marco Valenzuela.<\/p>\n\n\n\n<p>\u201cElogio del Bel Canto\u201d estuvo dedicado al esplendor vocal del siglo XIX italiano, a trav\u00e9s de la m\u00fasica de Vincenzo Bellini, Gioachino Rossini y Gaetano Donizetti, tres compositores que son representantes de la cima del estilo belcantista.<\/p>\n\n\n\n<p>Se detall\u00f3 que \u201cElogio del Bel Canto\u201d se caracteriza por la pureza del sonido, el dominio t\u00e9cnico y la capacidad de transmitir emoci\u00f3n a trav\u00e9s del fraseo y la ornamentaci\u00f3n.<\/p>\n\n\n\n<p>Se exhort\u00f3 a quienes est\u00e9n interesados a asistir a las pr\u00f3ximas presentaciones de la Compa\u00f1\u00eda de \u00d3pera de Saltillo, las cuales se dar\u00e1n a conocer con antelaci\u00f3n a trav\u00e9s de diversos medios informativos.<\/p>\n","protected":false},"excerpt":{"rendered":"<p>Ofrecen dos presentaciones del concierto \u201cElogio del Bel Canto\u201d en el Centro Cultural Casa Purcell Saltillo, Coahuila de Zaragoza; 01 de marzo de 2026.- Con dos presentaciones exitosas del concierto \u201cElogio del Bel Canto\u201d en el Centro Cultural Casa Purcell, la Compa\u00f1\u00eda de \u00d3pera de Saltillo inaugur\u00f3 este fin de semana su temporada primavera-verano \u201cTrilog\u00eda\u201d, [&hellip;]<\/p>\n","protected":false},"author":4,"featured_media":23907,"comment_status":"open","ping_status":"open","sticky":false,"template":"","format":"standard","meta":[],"categories":[201],"tags":[],"_links":{"self":[{"href":"https:\/\/alertasaltillo.com\/index.php\/wp-json\/wp\/v2\/posts\/23906"}],"collection":[{"href":"https:\/\/alertasaltillo.com\/index.php\/wp-json\/wp\/v2\/posts"}],"about":[{"href":"https:\/\/alertasaltillo.com\/index.php\/wp-json\/wp\/v2\/types\/post"}],"author":[{"embeddable":true,"href":"https:\/\/alertasaltillo.com\/index.php\/wp-json\/wp\/v2\/users\/4"}],"replies":[{"embeddable":true,"href":"https:\/\/alertasaltillo.com\/index.php\/wp-json\/wp\/v2\/comments?post=23906"}],"version-history":[{"count":1,"href":"https:\/\/alertasaltillo.com\/index.php\/wp-json\/wp\/v2\/posts\/23906\/revisions"}],"predecessor-version":[{"id":23908,"href":"https:\/\/alertasaltillo.com\/index.php\/wp-json\/wp\/v2\/posts\/23906\/revisions\/23908"}],"wp:featuredmedia":[{"embeddable":true,"href":"https:\/\/alertasaltillo.com\/index.php\/wp-json\/wp\/v2\/media\/23907"}],"wp:attachment":[{"href":"https:\/\/alertasaltillo.com\/index.php\/wp-json\/wp\/v2\/media?parent=23906"}],"wp:term":[{"taxonomy":"category","embeddable":true,"href":"https:\/\/alertasaltillo.com\/index.php\/wp-json\/wp\/v2\/categories?post=23906"},{"taxonomy":"post_tag","embeddable":true,"href":"https:\/\/alertasaltillo.com\/index.php\/wp-json\/wp\/v2\/tags?post=23906"}],"curies":[{"name":"wp","href":"https:\/\/api.w.org\/{rel}","templated":true}]}}