{"id":23884,"date":"2026-03-01T01:51:12","date_gmt":"2026-03-01T01:51:12","guid":{"rendered":"https:\/\/alertasaltillo.com\/?p=23884"},"modified":"2026-03-01T01:51:14","modified_gmt":"2026-03-01T01:51:14","slug":"volcadura-paraliza-el-periferico-lea","status":"publish","type":"post","link":"https:\/\/alertasaltillo.com\/index.php\/2026\/03\/01\/volcadura-paraliza-el-periferico-lea\/","title":{"rendered":"VOLCADURA PARALIZA EL PERIF\u00c9RICO LEA"},"content":{"rendered":"\n<h2>Una mujer resulta lesionada, a la altura de la calle Lafragua<\/h2>\n\n\n\n<p>Un aparatoso accidente vial desat\u00f3 la movilizaci\u00f3n de cuerpos de emergencia la tarde de este s\u00e1bado sobre el&nbsp;<strong>perif\u00e9rico Luis Echeverr\u00eda \u00c1lvarez (LEA),&nbsp;<\/strong>donde&nbsp;<strong>un autom\u00f3vil termin\u00f3 con las llantas hacia arriba,&nbsp;<\/strong>dejando como saldo a una mujer lesionada y el cierre total de la circulaci\u00f3n rumbo al poniente.<\/p>\n\n\n\n<p>El percance ocurri\u00f3 a la altura del cruce con Jos\u00e9 Mar\u00eda Lafragua. Seg\u00fan los primeros informes, la conductora de un Chevrolet Monza habr\u00eda realizado una maniobra intempestiva para incorporarse a otro carril, lo que provoc\u00f3 que impactara inicialmente contra una camioneta Toyota.<\/p>\n\n\n\n<p>Tras el primer choque,&nbsp;<strong>el autom\u00f3vil perdi\u00f3 estabilidad,&nbsp;<\/strong>se proyect\u00f3 contra los muros de contenci\u00f3n y volc\u00f3 sobre la carpeta asf\u00e1ltica.<\/p>\n\n\n\n<p>En su trayectoria, todav\u00eda alcanz\u00f3 a golpear a una camioneta Ford, incrementando los da\u00f1os materiales en el sitio.<\/p>\n\n\n\n<p><strong>Param\u00e9dicos de la Cruz Roja acudieron de inmediato para valorar a la conductora<\/strong>, quien fue atendida en el lugar sin que se reportaran, de manera preliminar, lesiones de gravedad.<\/p>\n\n\n\n<p>Elementos de Tr\u00e1nsito Municipal implementaron el cierre total de los carriles centrales y desviaron la circulaci\u00f3n hacia la lateral, lo que gener\u00f3 congestionamiento y largas filas de veh\u00edculos durante varios minutos.<\/p>\n\n\n\n<p>Con Informaci\u00f3n Tomada de EL DIARIO DE COAHUILA<\/p>\n","protected":false},"excerpt":{"rendered":"<p>Una mujer resulta lesionada, a la altura de la calle Lafragua Un aparatoso accidente vial desat\u00f3 la movilizaci\u00f3n de cuerpos de emergencia la tarde de este s\u00e1bado sobre el&nbsp;perif\u00e9rico Luis Echeverr\u00eda \u00c1lvarez (LEA),&nbsp;donde&nbsp;un autom\u00f3vil termin\u00f3 con las llantas hacia arriba,&nbsp;dejando como saldo a una mujer lesionada y el cierre total de la circulaci\u00f3n rumbo al [&hellip;]<\/p>\n","protected":false},"author":4,"featured_media":23885,"comment_status":"open","ping_status":"open","sticky":false,"template":"","format":"standard","meta":[],"categories":[199],"tags":[],"_links":{"self":[{"href":"https:\/\/alertasaltillo.com\/index.php\/wp-json\/wp\/v2\/posts\/23884"}],"collection":[{"href":"https:\/\/alertasaltillo.com\/index.php\/wp-json\/wp\/v2\/posts"}],"about":[{"href":"https:\/\/alertasaltillo.com\/index.php\/wp-json\/wp\/v2\/types\/post"}],"author":[{"embeddable":true,"href":"https:\/\/alertasaltillo.com\/index.php\/wp-json\/wp\/v2\/users\/4"}],"replies":[{"embeddable":true,"href":"https:\/\/alertasaltillo.com\/index.php\/wp-json\/wp\/v2\/comments?post=23884"}],"version-history":[{"count":1,"href":"https:\/\/alertasaltillo.com\/index.php\/wp-json\/wp\/v2\/posts\/23884\/revisions"}],"predecessor-version":[{"id":23886,"href":"https:\/\/alertasaltillo.com\/index.php\/wp-json\/wp\/v2\/posts\/23884\/revisions\/23886"}],"wp:featuredmedia":[{"embeddable":true,"href":"https:\/\/alertasaltillo.com\/index.php\/wp-json\/wp\/v2\/media\/23885"}],"wp:attachment":[{"href":"https:\/\/alertasaltillo.com\/index.php\/wp-json\/wp\/v2\/media?parent=23884"}],"wp:term":[{"taxonomy":"category","embeddable":true,"href":"https:\/\/alertasaltillo.com\/index.php\/wp-json\/wp\/v2\/categories?post=23884"},{"taxonomy":"post_tag","embeddable":true,"href":"https:\/\/alertasaltillo.com\/index.php\/wp-json\/wp\/v2\/tags?post=23884"}],"curies":[{"name":"wp","href":"https:\/\/api.w.org\/{rel}","templated":true}]}}