{"id":23839,"date":"2026-02-28T12:21:02","date_gmt":"2026-02-28T12:21:02","guid":{"rendered":"https:\/\/alertasaltillo.com\/?p=23839"},"modified":"2026-02-28T12:21:05","modified_gmt":"2026-02-28T12:21:05","slug":"dejan-en-prision-preventiva-a-presunto-agresor","status":"publish","type":"post","link":"https:\/\/alertasaltillo.com\/index.php\/2026\/02\/28\/dejan-en-prision-preventiva-a-presunto-agresor\/","title":{"rendered":"DEJAN EN PRISI\u00d3N PREVENTIVA A PRESUNTO AGRESOR"},"content":{"rendered":"\n<h2>Es imputado por homicidio calificado con alevos\u00eda y brutal ferocidad<\/h2>\n\n\n\n<p><strong>La tarde de este viernes, en el Centro de Justicia Penal de Saltillo, se llev\u00f3 a cabo la audiencia dentro de la causa penal 0367\/2026, en contra de Jos\u00e9 Salvador N<\/strong>, se\u00f1alado por el delito de homicidio calificado por cometerse con alevos\u00eda y brutal ferocidad.<\/p>\n\n\n\n<p>Durante la diligencia judicial se realiz\u00f3 la formulaci\u00f3n de imputaci\u00f3n, en la que el Ministerio P\u00fablico expuso los datos de prueba en contra del acusado por su presunta responsabilidad en la muerte de un joven ocurrida tras una agresi\u00f3n f\u00edsica afuera del bar Rabbit Spk, al norte de Saltillo.<\/p>\n\n\n\n<p>El juez de control impuso como medida cautelar la prisi\u00f3n preventiva justificada, por lo que el imputado permanecer\u00e1 internado mientras se desarrolla el proceso penal.<\/p>\n\n\n\n<p>Asimismo,\u00a0<strong>se fij\u00f3 la audiencia de vinculaci\u00f3n a proceso para el pr\u00f3ximo 3 de marzo a las 13:00 horas,<\/strong>\u00a0donde el juez determinar\u00e1 si existen elementos suficientes para sujetarlo formalmente a proceso por el delito se\u00f1alado.<\/p>\n\n\n\n<p>Los hechos ocurrieron los primeros minutos del 9 de febrero, en el estacionamiento del bar Rabbit Spk, ubicado en la colonia Alpes. De acuerdo con las investigaciones de la Fiscal\u00eda General del Estado de Coahuila, la v\u00edctima fue agredida de un golpe en el rostro, lo que provoc\u00f3 que cayera y se golpeara la cabeza contra el pavimento.<\/p>\n\n\n\n<p><strong>El joven fue trasladado a un hospital privado, donde permaneci\u00f3 internado con complicaciones derivadas de un traumatismo craneoencef\u00e1lico<\/strong>. D\u00edas despu\u00e9s, perdi\u00f3 la vida a consecuencia de las lesiones.<\/p>\n\n\n\n<p>Tras la integraci\u00f3n de la carpeta de investigaci\u00f3n y el an\u00e1lisis de videos de vigilancia, las autoridades lograron identificar y detener al presunto agresor, quien ahora enfrenta el proceso penal bajo la acusaci\u00f3n de homicidio calificado.<\/p>\n\n\n\n<p>El caso ha generado consternaci\u00f3n en la comunidad y se mantiene bajo seguimiento judicial en espera de la audiencia de vinculaci\u00f3n.<\/p>\n\n\n\n<p>Con Informaci\u00f3n Tomada de EL DIARIO DE COAHUILA<\/p>\n","protected":false},"excerpt":{"rendered":"<p>Es imputado por homicidio calificado con alevos\u00eda y brutal ferocidad La tarde de este viernes, en el Centro de Justicia Penal de Saltillo, se llev\u00f3 a cabo la audiencia dentro de la causa penal 0367\/2026, en contra de Jos\u00e9 Salvador N, se\u00f1alado por el delito de homicidio calificado por cometerse con alevos\u00eda y brutal ferocidad. [&hellip;]<\/p>\n","protected":false},"author":4,"featured_media":23840,"comment_status":"open","ping_status":"open","sticky":false,"template":"","format":"standard","meta":[],"categories":[199],"tags":[],"_links":{"self":[{"href":"https:\/\/alertasaltillo.com\/index.php\/wp-json\/wp\/v2\/posts\/23839"}],"collection":[{"href":"https:\/\/alertasaltillo.com\/index.php\/wp-json\/wp\/v2\/posts"}],"about":[{"href":"https:\/\/alertasaltillo.com\/index.php\/wp-json\/wp\/v2\/types\/post"}],"author":[{"embeddable":true,"href":"https:\/\/alertasaltillo.com\/index.php\/wp-json\/wp\/v2\/users\/4"}],"replies":[{"embeddable":true,"href":"https:\/\/alertasaltillo.com\/index.php\/wp-json\/wp\/v2\/comments?post=23839"}],"version-history":[{"count":1,"href":"https:\/\/alertasaltillo.com\/index.php\/wp-json\/wp\/v2\/posts\/23839\/revisions"}],"predecessor-version":[{"id":23841,"href":"https:\/\/alertasaltillo.com\/index.php\/wp-json\/wp\/v2\/posts\/23839\/revisions\/23841"}],"wp:featuredmedia":[{"embeddable":true,"href":"https:\/\/alertasaltillo.com\/index.php\/wp-json\/wp\/v2\/media\/23840"}],"wp:attachment":[{"href":"https:\/\/alertasaltillo.com\/index.php\/wp-json\/wp\/v2\/media?parent=23839"}],"wp:term":[{"taxonomy":"category","embeddable":true,"href":"https:\/\/alertasaltillo.com\/index.php\/wp-json\/wp\/v2\/categories?post=23839"},{"taxonomy":"post_tag","embeddable":true,"href":"https:\/\/alertasaltillo.com\/index.php\/wp-json\/wp\/v2\/tags?post=23839"}],"curies":[{"name":"wp","href":"https:\/\/api.w.org\/{rel}","templated":true}]}}