{"id":23830,"date":"2026-02-27T21:07:59","date_gmt":"2026-02-27T21:07:59","guid":{"rendered":"https:\/\/alertasaltillo.com\/?p=23830"},"modified":"2026-02-27T21:08:02","modified_gmt":"2026-02-27T21:08:02","slug":"jovenes-caen-de-gradas-durante-fotos-de-graduacion-en-alcaldia-ao","status":"publish","type":"post","link":"https:\/\/alertasaltillo.com\/index.php\/2026\/02\/27\/jovenes-caen-de-gradas-durante-fotos-de-graduacion-en-alcaldia-ao\/","title":{"rendered":"J\u00d3VENES CAEN DE GRADAS DURANTE FOTOS DE GRADUACI\u00d3N EN ALCALD\u00cdA \u00c1O"},"content":{"rendered":"\n<p>La Secretar\u00eda de de Gesti\u00f3n Integral de Riesgos y Protecci\u00f3n Civil de la Ciudad de M\u00e9xico (SGIRPC) inform\u00f3 que&nbsp;<strong>personas resultaron lesionadas tras el colapso de unas gradas al interior de una universidad.<\/strong><\/p>\n\n\n\n<p>En redes sociales, la SGIRPC indic\u00f3 que las gradas fueron colocadas temporalmente para la<strong>&nbsp;toma de fotograf\u00edas de graduaci\u00f3n<\/strong>&nbsp;en la<strong>&nbsp;escuela localizada en Paseo de la Reforma y Joaqu\u00edn Gallo, en la alcald\u00eda \u00c1lvaro Obreg\u00f3n.<\/strong><\/p>\n\n\n\n<p>No obstante, debido a la mala instalaci\u00f3n, la estructura colaps\u00f3 por el peso de las personas que se encontraban sobre ella.<\/p>\n\n\n\n<p>Como resultado,\u00a0<strong>23 j\u00f3venes resultaron afectados con golpes y lesiones menores,\u00a0<\/strong>indic\u00f3 la dependencia. De estas personas,<strong>\u00a06 fueron trasladadas para recibir atenci\u00f3n m\u00e9dica.<\/strong><\/p>\n\n\n\n<p><\/p>\n","protected":false},"excerpt":{"rendered":"<p>La Secretar\u00eda de de Gesti\u00f3n Integral de Riesgos y Protecci\u00f3n Civil de la Ciudad de M\u00e9xico (SGIRPC) inform\u00f3 que&nbsp;personas resultaron lesionadas tras el colapso de unas gradas al interior de una universidad. En redes sociales, la SGIRPC indic\u00f3 que las gradas fueron colocadas temporalmente para la&nbsp;toma de fotograf\u00edas de graduaci\u00f3n&nbsp;en la&nbsp;escuela localizada en Paseo de [&hellip;]<\/p>\n","protected":false},"author":4,"featured_media":23831,"comment_status":"open","ping_status":"open","sticky":false,"template":"","format":"standard","meta":[],"categories":[8],"tags":[],"_links":{"self":[{"href":"https:\/\/alertasaltillo.com\/index.php\/wp-json\/wp\/v2\/posts\/23830"}],"collection":[{"href":"https:\/\/alertasaltillo.com\/index.php\/wp-json\/wp\/v2\/posts"}],"about":[{"href":"https:\/\/alertasaltillo.com\/index.php\/wp-json\/wp\/v2\/types\/post"}],"author":[{"embeddable":true,"href":"https:\/\/alertasaltillo.com\/index.php\/wp-json\/wp\/v2\/users\/4"}],"replies":[{"embeddable":true,"href":"https:\/\/alertasaltillo.com\/index.php\/wp-json\/wp\/v2\/comments?post=23830"}],"version-history":[{"count":1,"href":"https:\/\/alertasaltillo.com\/index.php\/wp-json\/wp\/v2\/posts\/23830\/revisions"}],"predecessor-version":[{"id":23832,"href":"https:\/\/alertasaltillo.com\/index.php\/wp-json\/wp\/v2\/posts\/23830\/revisions\/23832"}],"wp:featuredmedia":[{"embeddable":true,"href":"https:\/\/alertasaltillo.com\/index.php\/wp-json\/wp\/v2\/media\/23831"}],"wp:attachment":[{"href":"https:\/\/alertasaltillo.com\/index.php\/wp-json\/wp\/v2\/media?parent=23830"}],"wp:term":[{"taxonomy":"category","embeddable":true,"href":"https:\/\/alertasaltillo.com\/index.php\/wp-json\/wp\/v2\/categories?post=23830"},{"taxonomy":"post_tag","embeddable":true,"href":"https:\/\/alertasaltillo.com\/index.php\/wp-json\/wp\/v2\/tags?post=23830"}],"curies":[{"name":"wp","href":"https:\/\/api.w.org\/{rel}","templated":true}]}}