{"id":23812,"date":"2026-02-27T20:44:16","date_gmt":"2026-02-27T20:44:16","guid":{"rendered":"https:\/\/alertasaltillo.com\/?p=23812"},"modified":"2026-02-27T20:44:18","modified_gmt":"2026-02-27T20:44:18","slug":"por-un-cerron-termina-provocando-choque-multiple-entre-cuatro-autos-en-saltillo","status":"publish","type":"post","link":"https:\/\/alertasaltillo.com\/index.php\/2026\/02\/27\/por-un-cerron-termina-provocando-choque-multiple-entre-cuatro-autos-en-saltillo\/","title":{"rendered":"POR UN \u00abCERR\u00d3N\u00bb TERMINA PROVOCANDO CHOQUE M\u00daLTIPLE ENTRE CUATRO AUTOS, EN SALTILLO"},"content":{"rendered":"\n<p><\/p>\n\n\n\n<h2>El incidente gener\u00f3 un cuello de botella que se extendi\u00f3 desde el sur de la ciudad hacia el cruce con P\u00e9rez Trevi\u00f1o, provocando retrasos de m\u00e1s de 30 minutos<\/h2>\n\n\n\n<p>Un aparatoso choque m\u00faltiple ocurri\u00f3 la ma\u00f1ana de este viernes sobre uno de los puentes del perif\u00e9rico Luis Echeverr\u00eda \u00c1lvarez y P\u00e9rez Trevi\u00f1o en&nbsp;<strong><a rel=\"noreferrer noopener\" href=\"https:\/\/saltillo.gob.mx\/\" target=\"_blank\">Saltillo<\/a><\/strong>. Se origin\u00f3 un caos vial que afect\u00f3 a cientos de automovilistas que circulaban sobre los carriles de sur a norte.<\/p>\n\n\n\n<p>En el percance particip\u00f3 un veh\u00edculo Nissan March color blanco que se desplazaba sobre la lateral de dicho perif\u00e9rico. Tras incorporarse a las v\u00edas de mayor rapidez, termin\u00f3 por quitarle el derecho de paso a una vagoneta Peugeot.<\/p>\n\n\n\n<p>Tras el golpe, el auto responsable gir\u00f3 e impact\u00f3 a dos carros m\u00e1s en movimiento; se trata de un Mini Cooper y otro Nissan Sentra en color azul. Al lugar arribaron oficiales de Tr\u00e1nsito Municipal para tomar im\u00e1genes del impacto y, posteriormente, reacomodar los veh\u00edculos para reabrir la circulaci\u00f3n.<\/p>\n\n\n\n<p>Con Informaci\u00f3n Tomada de VANGUARDIA<\/p>\n","protected":false},"excerpt":{"rendered":"<p>El incidente gener\u00f3 un cuello de botella que se extendi\u00f3 desde el sur de la ciudad hacia el cruce con P\u00e9rez Trevi\u00f1o, provocando retrasos de m\u00e1s de 30 minutos Un aparatoso choque m\u00faltiple ocurri\u00f3 la ma\u00f1ana de este viernes sobre uno de los puentes del perif\u00e9rico Luis Echeverr\u00eda \u00c1lvarez y P\u00e9rez Trevi\u00f1o en&nbsp;Saltillo. Se origin\u00f3 [&hellip;]<\/p>\n","protected":false},"author":4,"featured_media":23813,"comment_status":"open","ping_status":"open","sticky":false,"template":"","format":"standard","meta":[],"categories":[199],"tags":[],"_links":{"self":[{"href":"https:\/\/alertasaltillo.com\/index.php\/wp-json\/wp\/v2\/posts\/23812"}],"collection":[{"href":"https:\/\/alertasaltillo.com\/index.php\/wp-json\/wp\/v2\/posts"}],"about":[{"href":"https:\/\/alertasaltillo.com\/index.php\/wp-json\/wp\/v2\/types\/post"}],"author":[{"embeddable":true,"href":"https:\/\/alertasaltillo.com\/index.php\/wp-json\/wp\/v2\/users\/4"}],"replies":[{"embeddable":true,"href":"https:\/\/alertasaltillo.com\/index.php\/wp-json\/wp\/v2\/comments?post=23812"}],"version-history":[{"count":1,"href":"https:\/\/alertasaltillo.com\/index.php\/wp-json\/wp\/v2\/posts\/23812\/revisions"}],"predecessor-version":[{"id":23814,"href":"https:\/\/alertasaltillo.com\/index.php\/wp-json\/wp\/v2\/posts\/23812\/revisions\/23814"}],"wp:featuredmedia":[{"embeddable":true,"href":"https:\/\/alertasaltillo.com\/index.php\/wp-json\/wp\/v2\/media\/23813"}],"wp:attachment":[{"href":"https:\/\/alertasaltillo.com\/index.php\/wp-json\/wp\/v2\/media?parent=23812"}],"wp:term":[{"taxonomy":"category","embeddable":true,"href":"https:\/\/alertasaltillo.com\/index.php\/wp-json\/wp\/v2\/categories?post=23812"},{"taxonomy":"post_tag","embeddable":true,"href":"https:\/\/alertasaltillo.com\/index.php\/wp-json\/wp\/v2\/tags?post=23812"}],"curies":[{"name":"wp","href":"https:\/\/api.w.org\/{rel}","templated":true}]}}