{"id":23776,"date":"2026-02-27T19:54:54","date_gmt":"2026-02-27T19:54:54","guid":{"rendered":"https:\/\/alertasaltillo.com\/?p=23776"},"modified":"2026-02-27T19:54:57","modified_gmt":"2026-02-27T19:54:57","slug":"muere-calcinado-tras-quedarse-dormido-junto-a-fogata","status":"publish","type":"post","link":"https:\/\/alertasaltillo.com\/index.php\/2026\/02\/27\/muere-calcinado-tras-quedarse-dormido-junto-a-fogata\/","title":{"rendered":"MUERE CALCINADO TRAS QUEDARSE DORMIDO JUNTO A FOGATA"},"content":{"rendered":"\n<h2>Los hechos ocurrieron en un terreno bald\u00edo ubicado entre la calle 2 y el bulevar Fundadores en Mirasierra<\/h2>\n\n\n\n<p><strong>Un hombre perdi\u00f3 la vida la madrugada de este martes tras registrarse un incendio en un terreno bald\u00edo ubicado entre la calle 2 y el bulevar Fundadores, en la colonia Mirasierra,<\/strong>&nbsp;en Saltillo.<\/p>\n\n\n\n<p><strong>El reporte fue recibido alrededor de las 2:00 horas<\/strong>, por lo que elementos del Cuerpo de Bomberos acudieron al lugar para sofocar el fuego.<\/p>\n\n\n\n<p>Al realizar la inspecci\u00f3n localizaron el cuerpo de un hombre calcinado. La v\u00edctima fue identificada por conocidos como Uriel N, quien viv\u00eda en situaci\u00f3n de calle.<\/p>\n\n\n\n<p>De acuerdo con sus amigos, era originario de Acu\u00f1a y ten\u00eda familiares en M\u00fazquiz; desde d\u00edas atr\u00e1s manifestaba su intenci\u00f3n de regresar con su padre.<\/p>\n\n\n\n<p><strong>Tambi\u00e9n se\u00f1alaron que el lunes se quejaba de un fuerte dolor de o\u00eddo, por lo que entre varios amigos reunieron dinero e incluso quedaron con adeudo en una farmacia para comprarle ketorolaco y naproxeno.&nbsp;<\/strong>Tras tomar el medicamento se qued\u00f3 profundamente dormido.<\/p>\n\n\n\n<p>Durante la noche permanec\u00eda en el sitio junto a un amigo identificado, con quien inger\u00eda bebidas alcoh\u00f3licas. Pese a que otros amigos le pidieron no hacerlo,<strong>\u00a0encendieron una fogata para mitigar el fr\u00edo y presuntamente el fuego alcanz\u00f3 al hoy occiso mientras dorm\u00eda.<\/strong><\/p>\n\n\n\n<p>Con Informaci\u00f3n Tomada de EL DIARIO DE COAHUILA<\/p>\n","protected":false},"excerpt":{"rendered":"<p>Los hechos ocurrieron en un terreno bald\u00edo ubicado entre la calle 2 y el bulevar Fundadores en Mirasierra Un hombre perdi\u00f3 la vida la madrugada de este martes tras registrarse un incendio en un terreno bald\u00edo ubicado entre la calle 2 y el bulevar Fundadores, en la colonia Mirasierra,&nbsp;en Saltillo. El reporte fue recibido alrededor [&hellip;]<\/p>\n","protected":false},"author":4,"featured_media":23777,"comment_status":"open","ping_status":"open","sticky":false,"template":"","format":"standard","meta":[],"categories":[199],"tags":[],"_links":{"self":[{"href":"https:\/\/alertasaltillo.com\/index.php\/wp-json\/wp\/v2\/posts\/23776"}],"collection":[{"href":"https:\/\/alertasaltillo.com\/index.php\/wp-json\/wp\/v2\/posts"}],"about":[{"href":"https:\/\/alertasaltillo.com\/index.php\/wp-json\/wp\/v2\/types\/post"}],"author":[{"embeddable":true,"href":"https:\/\/alertasaltillo.com\/index.php\/wp-json\/wp\/v2\/users\/4"}],"replies":[{"embeddable":true,"href":"https:\/\/alertasaltillo.com\/index.php\/wp-json\/wp\/v2\/comments?post=23776"}],"version-history":[{"count":1,"href":"https:\/\/alertasaltillo.com\/index.php\/wp-json\/wp\/v2\/posts\/23776\/revisions"}],"predecessor-version":[{"id":23778,"href":"https:\/\/alertasaltillo.com\/index.php\/wp-json\/wp\/v2\/posts\/23776\/revisions\/23778"}],"wp:featuredmedia":[{"embeddable":true,"href":"https:\/\/alertasaltillo.com\/index.php\/wp-json\/wp\/v2\/media\/23777"}],"wp:attachment":[{"href":"https:\/\/alertasaltillo.com\/index.php\/wp-json\/wp\/v2\/media?parent=23776"}],"wp:term":[{"taxonomy":"category","embeddable":true,"href":"https:\/\/alertasaltillo.com\/index.php\/wp-json\/wp\/v2\/categories?post=23776"},{"taxonomy":"post_tag","embeddable":true,"href":"https:\/\/alertasaltillo.com\/index.php\/wp-json\/wp\/v2\/tags?post=23776"}],"curies":[{"name":"wp","href":"https:\/\/api.w.org\/{rel}","templated":true}]}}