{"id":23745,"date":"2026-02-25T20:13:55","date_gmt":"2026-02-25T20:13:55","guid":{"rendered":"https:\/\/alertasaltillo.com\/?p=23745"},"modified":"2026-02-25T20:13:58","modified_gmt":"2026-02-25T20:13:58","slug":"invitan-a-concierto-inaugural-de-temporada-de-la-compania-de-opera-de-saltillo","status":"publish","type":"post","link":"https:\/\/alertasaltillo.com\/index.php\/2026\/02\/25\/invitan-a-concierto-inaugural-de-temporada-de-la-compania-de-opera-de-saltillo\/","title":{"rendered":"INVITAN A CONCIERTO INAUGURAL DE TEMPORADA DE LA COMPA\u00d1\u00cdA DE \u00d3PERA DE SALTILLO"},"content":{"rendered":"\n<p><em>Se realizar\u00e1 el concierto \u201cElogio del Bel Canto\u201d este 28 de febrero y 1 de marzo en el Centro Cultural Casa Purcell<\/em><\/p>\n\n\n\n<p>Saltillo, Coahuila de Zaragoza; 24 de febrero de 2026.- El Gobierno Municipal, a trav\u00e9s del Instituto Municipal de Cultura, invita a la inauguraci\u00f3n de la temporada primavera-verano \u201cTrilog\u00eda\u201d de la Compa\u00f1\u00eda de \u00d3pera de Saltillo, con el concierto \u201cElogio del Bel Canto\u201d, que se realizar\u00e1 este 28 de febrero y 1 de marzo en el Centro Cultural Casa Purcell.<\/p>\n\n\n\n<p>Leticia Rodarte Rangel, directora del Instituto Municipal de Cultura, dio a conocer que, por instrucciones del alcalde Javier D\u00edaz Gonz\u00e1lez, en Saltillo se tiene una oferta cultural permanente y diversa, por lo que extendi\u00f3 esta invitaci\u00f3n a quienes deseen asistir a la inauguraci\u00f3n de la temporada \u201cTrilog\u00eda\u201d.<\/p>\n\n\n\n<p>Para quienes est\u00e9n interesados, se realizar\u00e1 una presentaci\u00f3n el s\u00e1bado 28 de febrero a las 19:00 horas y otra el domingo 1 de marzo a las 18:00 horas, y es necesario hacer su reservaci\u00f3n al tel\u00e9fono 844-327-52-32.<\/p>\n\n\n\n<p>En el concierto \u201cElogio del Bel Canto\u201d participar\u00e1 Alejandro Reyes-Vald\u00e9s como director musical; Abdiel Mendoza en la producci\u00f3n; Eric Vald\u00e9s Marines en el piano; as\u00ed como las voces de Valeria Oreg\u00f3n, Eduardo Canela, Cintli Cruz, Wicho Caro, Judith Nuncio, Samantha Rodr\u00edguez, Alioth Gait\u00e1n, Dayan Garc\u00eda, Ernesto Barrientos, Eva Mor\u00f3n, Aime\u00e9 Tamayo, Keila Mart\u00ednez y Marco Valenzuela.<\/p>\n\n\n\n<p>Esta celebraci\u00f3n estar\u00e1 dedicada al esplendor vocal del siglo XIX italiano, a trav\u00e9s de la m\u00fasica de Vincenzo Bellini, Gioachino Rossini y Gaetano Donizetti, tres compositores que representan la cima del estilo belcantista.<\/p>\n\n\n\n<p>El Bel Canto se caracteriza por la pureza del sonido, el dominio t\u00e9cnico y la capacidad de transmitir emoci\u00f3n a trav\u00e9s del fraseo y la ornamentaci\u00f3n, por lo que, con estos eventos, el Instituto Municipal de Cultura y la Compa\u00f1\u00eda de \u00d3pera de Saltillo reafirman su compromiso de ofrecer experiencias musicales de alto nivel art\u00edstico.<\/p>\n\n\n\n<p><\/p>\n","protected":false},"excerpt":{"rendered":"<p>Se realizar\u00e1 el concierto \u201cElogio del Bel Canto\u201d este 28 de febrero y 1 de marzo en el Centro Cultural Casa Purcell Saltillo, Coahuila de Zaragoza; 24 de febrero de 2026.- El Gobierno Municipal, a trav\u00e9s del Instituto Municipal de Cultura, invita a la inauguraci\u00f3n de la temporada primavera-verano \u201cTrilog\u00eda\u201d de la Compa\u00f1\u00eda de \u00d3pera [&hellip;]<\/p>\n","protected":false},"author":4,"featured_media":23746,"comment_status":"open","ping_status":"open","sticky":false,"template":"","format":"standard","meta":[],"categories":[201],"tags":[],"_links":{"self":[{"href":"https:\/\/alertasaltillo.com\/index.php\/wp-json\/wp\/v2\/posts\/23745"}],"collection":[{"href":"https:\/\/alertasaltillo.com\/index.php\/wp-json\/wp\/v2\/posts"}],"about":[{"href":"https:\/\/alertasaltillo.com\/index.php\/wp-json\/wp\/v2\/types\/post"}],"author":[{"embeddable":true,"href":"https:\/\/alertasaltillo.com\/index.php\/wp-json\/wp\/v2\/users\/4"}],"replies":[{"embeddable":true,"href":"https:\/\/alertasaltillo.com\/index.php\/wp-json\/wp\/v2\/comments?post=23745"}],"version-history":[{"count":1,"href":"https:\/\/alertasaltillo.com\/index.php\/wp-json\/wp\/v2\/posts\/23745\/revisions"}],"predecessor-version":[{"id":23747,"href":"https:\/\/alertasaltillo.com\/index.php\/wp-json\/wp\/v2\/posts\/23745\/revisions\/23747"}],"wp:featuredmedia":[{"embeddable":true,"href":"https:\/\/alertasaltillo.com\/index.php\/wp-json\/wp\/v2\/media\/23746"}],"wp:attachment":[{"href":"https:\/\/alertasaltillo.com\/index.php\/wp-json\/wp\/v2\/media?parent=23745"}],"wp:term":[{"taxonomy":"category","embeddable":true,"href":"https:\/\/alertasaltillo.com\/index.php\/wp-json\/wp\/v2\/categories?post=23745"},{"taxonomy":"post_tag","embeddable":true,"href":"https:\/\/alertasaltillo.com\/index.php\/wp-json\/wp\/v2\/tags?post=23745"}],"curies":[{"name":"wp","href":"https:\/\/api.w.org\/{rel}","templated":true}]}}