{"id":23712,"date":"2026-02-24T16:27:12","date_gmt":"2026-02-24T16:27:12","guid":{"rendered":"https:\/\/alertasaltillo.com\/?p=23712"},"modified":"2026-02-24T16:27:14","modified_gmt":"2026-02-24T16:27:14","slug":"pierde-el-control-y-vuelca-en-valdes-sanchez","status":"publish","type":"post","link":"https:\/\/alertasaltillo.com\/index.php\/2026\/02\/24\/pierde-el-control-y-vuelca-en-valdes-sanchez\/","title":{"rendered":"PIERDE EL CONTROL Y VUELCA EN VALD\u00c9S S\u00c1NCHEZ"},"content":{"rendered":"\n<h2>Exceso de velocidad provoca aparatoso accidente; conductora termina hospitalizada<\/h2>\n\n\n\n<p><\/p>\n\n\n\n<p>El estruendo de un choque reson\u00f3 en el cruce del&nbsp;<strong>bulevar Jes\u00fas Vald\u00e9s S\u00e1nchez y Eulalio Guti\u00e9rrez,&nbsp;<\/strong>donde un autom\u00f3vil termin\u00f3 con las llantas al cielo tras una volcadura.<\/p>\n\n\n\n<p>Seg\u00fan los primeros informes, Valeria N descend\u00eda el puente a bordo de su Volkswagen cuando, por causas que apuntan a una conducci\u00f3n a alta velocidad,<strong>&nbsp;el veh\u00edculo se desestabiliz\u00f3.<\/strong><\/p>\n\n\n\n<p>En cuesti\u00f3n de segundos la unidad gir\u00f3 sin control hasta impactarse y quedar volcada sobre un Renault estacionado en el paso a desnivel, provocando da\u00f1os materiales.<\/p>\n\n\n\n<p>Testigos reportaron el accidente al sistema de emergencias, por lo que Param\u00e9dicos de la Secretar\u00eda de Salud acudieron al sitio.<\/p>\n\n\n\n<p>Tras brindarle atenci\u00f3n en el lugar,<strong>&nbsp;la conductora fue trasladada a un hospital&nbsp;<\/strong>para descartar lesiones de gravedad.<\/p>\n\n\n\n<p>Agentes de Tr\u00e1nsito Municipal aseguraron la zona, levantaron el croquis y ordenaron el retiro de las unidades siniestradas.<\/p>\n\n\n\n<p>De manera preliminar,<strong>\u00a0el exceso de velocidad figura como la principal causa del percance.<\/strong><\/p>\n\n\n\n<p>Con Informaci\u00f3n Tomada de EL DIARIO DE COAHUILA<\/p>\n","protected":false},"excerpt":{"rendered":"<p>Exceso de velocidad provoca aparatoso accidente; conductora termina hospitalizada El estruendo de un choque reson\u00f3 en el cruce del&nbsp;bulevar Jes\u00fas Vald\u00e9s S\u00e1nchez y Eulalio Guti\u00e9rrez,&nbsp;donde un autom\u00f3vil termin\u00f3 con las llantas al cielo tras una volcadura. Seg\u00fan los primeros informes, Valeria N descend\u00eda el puente a bordo de su Volkswagen cuando, por causas que apuntan [&hellip;]<\/p>\n","protected":false},"author":4,"featured_media":23713,"comment_status":"open","ping_status":"open","sticky":false,"template":"","format":"standard","meta":[],"categories":[199],"tags":[],"_links":{"self":[{"href":"https:\/\/alertasaltillo.com\/index.php\/wp-json\/wp\/v2\/posts\/23712"}],"collection":[{"href":"https:\/\/alertasaltillo.com\/index.php\/wp-json\/wp\/v2\/posts"}],"about":[{"href":"https:\/\/alertasaltillo.com\/index.php\/wp-json\/wp\/v2\/types\/post"}],"author":[{"embeddable":true,"href":"https:\/\/alertasaltillo.com\/index.php\/wp-json\/wp\/v2\/users\/4"}],"replies":[{"embeddable":true,"href":"https:\/\/alertasaltillo.com\/index.php\/wp-json\/wp\/v2\/comments?post=23712"}],"version-history":[{"count":1,"href":"https:\/\/alertasaltillo.com\/index.php\/wp-json\/wp\/v2\/posts\/23712\/revisions"}],"predecessor-version":[{"id":23714,"href":"https:\/\/alertasaltillo.com\/index.php\/wp-json\/wp\/v2\/posts\/23712\/revisions\/23714"}],"wp:featuredmedia":[{"embeddable":true,"href":"https:\/\/alertasaltillo.com\/index.php\/wp-json\/wp\/v2\/media\/23713"}],"wp:attachment":[{"href":"https:\/\/alertasaltillo.com\/index.php\/wp-json\/wp\/v2\/media?parent=23712"}],"wp:term":[{"taxonomy":"category","embeddable":true,"href":"https:\/\/alertasaltillo.com\/index.php\/wp-json\/wp\/v2\/categories?post=23712"},{"taxonomy":"post_tag","embeddable":true,"href":"https:\/\/alertasaltillo.com\/index.php\/wp-json\/wp\/v2\/tags?post=23712"}],"curies":[{"name":"wp","href":"https:\/\/api.w.org\/{rel}","templated":true}]}}