{"id":23703,"date":"2026-02-24T16:19:21","date_gmt":"2026-02-24T16:19:21","guid":{"rendered":"https:\/\/alertasaltillo.com\/?p=23703"},"modified":"2026-02-24T16:19:23","modified_gmt":"2026-02-24T16:19:23","slug":"vuelca-trailero-en-la-57-por-usar-celular","status":"publish","type":"post","link":"https:\/\/alertasaltillo.com\/index.php\/2026\/02\/24\/vuelca-trailero-en-la-57-por-usar-celular\/","title":{"rendered":"VUELCA TRAILERO EN LA 57 POR USAR CELULAR"},"content":{"rendered":"\n<p><strong>Un operador de transporte de carga result\u00f3 lesionado luego de protagonizar un accidente vial la tarde de este lunes sobre la carretera libre 57, a la altura del kil\u00f3metro 215.<\/strong><\/p>\n\n\n\n<p>Los hechos ocurrieron<strong>&nbsp;alrededor de las 13:30 horas,<\/strong>&nbsp;cuando un tractocami\u00f3n marca International modelo 2007 circulaba de poniente a oriente.<\/p>\n\n\n\n<p>El conductor, identificado como<strong>\u00a0Sergio N, de 40 a\u00f1os y con domicilio en Tepatitl\u00e1n, Jalisco, manifest\u00f3 a las autoridades que se distrajo al mirar su tel\u00e9fono celular<\/strong>, lo que ocasion\u00f3 que perdiera la trayectoria y se saliera del carril hacia su derecha.<\/p>\n\n\n\n<p>La pesada unidad cay\u00f3 con las llantas posteriores en un canal de desag\u00fce pluvial y posteriormente volc\u00f3 sobre su costado derecho, quedando atravesada e invadiendo el carril en el mismo sentido de circulaci\u00f3n.<\/p>\n\n\n\n<p>Tras el percance, el operador sufri\u00f3 una lesi\u00f3n en la espalda a la altura de la cintura, por lo que se solicit\u00f3 el apoyo de Param\u00e9dicos.<strong>&nbsp;Al sitio arrib\u00f3 la ambulancia 541, para brindar valoraci\u00f3n m\u00e9dica.<\/strong><\/p>\n\n\n\n<p>Elementos de la Guardia Nacional acudieron para tomar conocimiento del accidente y coordinar las labores de seguridad y abanderamiento en la zona.<\/p>\n\n\n\n<p>Con Informaci\u00f3n Tomada de EL DIARIO DE COAHUILA<\/p>\n\n\n\n<p><\/p>\n","protected":false},"excerpt":{"rendered":"<p>Un operador de transporte de carga result\u00f3 lesionado luego de protagonizar un accidente vial la tarde de este lunes sobre la carretera libre 57, a la altura del kil\u00f3metro 215. Los hechos ocurrieron&nbsp;alrededor de las 13:30 horas,&nbsp;cuando un tractocami\u00f3n marca International modelo 2007 circulaba de poniente a oriente. El conductor, identificado como\u00a0Sergio N, de 40 [&hellip;]<\/p>\n","protected":false},"author":4,"featured_media":23704,"comment_status":"open","ping_status":"open","sticky":false,"template":"","format":"standard","meta":[],"categories":[199],"tags":[],"_links":{"self":[{"href":"https:\/\/alertasaltillo.com\/index.php\/wp-json\/wp\/v2\/posts\/23703"}],"collection":[{"href":"https:\/\/alertasaltillo.com\/index.php\/wp-json\/wp\/v2\/posts"}],"about":[{"href":"https:\/\/alertasaltillo.com\/index.php\/wp-json\/wp\/v2\/types\/post"}],"author":[{"embeddable":true,"href":"https:\/\/alertasaltillo.com\/index.php\/wp-json\/wp\/v2\/users\/4"}],"replies":[{"embeddable":true,"href":"https:\/\/alertasaltillo.com\/index.php\/wp-json\/wp\/v2\/comments?post=23703"}],"version-history":[{"count":1,"href":"https:\/\/alertasaltillo.com\/index.php\/wp-json\/wp\/v2\/posts\/23703\/revisions"}],"predecessor-version":[{"id":23705,"href":"https:\/\/alertasaltillo.com\/index.php\/wp-json\/wp\/v2\/posts\/23703\/revisions\/23705"}],"wp:featuredmedia":[{"embeddable":true,"href":"https:\/\/alertasaltillo.com\/index.php\/wp-json\/wp\/v2\/media\/23704"}],"wp:attachment":[{"href":"https:\/\/alertasaltillo.com\/index.php\/wp-json\/wp\/v2\/media?parent=23703"}],"wp:term":[{"taxonomy":"category","embeddable":true,"href":"https:\/\/alertasaltillo.com\/index.php\/wp-json\/wp\/v2\/categories?post=23703"},{"taxonomy":"post_tag","embeddable":true,"href":"https:\/\/alertasaltillo.com\/index.php\/wp-json\/wp\/v2\/tags?post=23703"}],"curies":[{"name":"wp","href":"https:\/\/api.w.org\/{rel}","templated":true}]}}