{"id":23679,"date":"2026-02-24T15:21:32","date_gmt":"2026-02-24T15:21:32","guid":{"rendered":"https:\/\/alertasaltillo.com\/?p=23679"},"modified":"2026-02-24T15:21:34","modified_gmt":"2026-02-24T15:21:34","slug":"se-esperan-bajas-temperaturas-en-saltillo-durante-los-proximos-dias","status":"publish","type":"post","link":"https:\/\/alertasaltillo.com\/index.php\/2026\/02\/24\/se-esperan-bajas-temperaturas-en-saltillo-durante-los-proximos-dias\/","title":{"rendered":"SE ESPERAN BAJAS TEMPERATURAS EN SALTILLO DURANTE LOS PR\u00d3XIMOS D\u00cdAS"},"content":{"rendered":"\n<p><em>Esto de acuerdo al pron\u00f3stico del Servicio Meteorol\u00f3gico Nacional<\/em><\/p>\n\n\n\n<p>Saltillo, Coahuila de Zaragoza; 22 de febrero de 2026.- De acuerdo con el pron\u00f3stico del Servicio Meteorol\u00f3gico Nacional, se prev\u00e9 un descenso de temperatura en la ciudad de Saltillo durante los pr\u00f3ximos d\u00edas.<\/p>\n\n\n\n<p>Para ma\u00f1ana lunes 23 de febrero, se pronostica una temperatura m\u00ednima de 2 grados cent\u00edgrados, mientras que para el martes 24 de febrero se espera una m\u00ednima de 4 grados cent\u00edgrados, con ambiente fr\u00edo principalmente durante las primeras horas del d\u00eda.<\/p>\n\n\n\n<p>Francisco Mart\u00ednez \u00c1valos, director de Protecci\u00f3n Civil y Bomberos, se\u00f1al\u00f3 que, por instrucciones del alcalde Javier D\u00edaz Gonz\u00e1lez, se mantienen atentos a cualquier incidencia que se registre en la ciudad derivada de las bajas temperaturas.<\/p>\n\n\n\n<p>Exhort\u00f3 a la ciudadan\u00eda a seguir las recomendaciones necesarias y, en caso de cualquier situaci\u00f3n de emergencia, comunicarse al 9-1-1.<\/p>\n\n\n\n<p>El director de Protecci\u00f3n Civil y Bomberos se\u00f1al\u00f3 que es importante no usar braseros, hornos o estufas para calentar el hogar y, en caso de utilizar calentadores, corroborar su correcto funcionamiento, as\u00ed como mantener una ventilaci\u00f3n adecuada para evitar riesgos.<\/p>\n\n\n\n<p>Asimismo, invit\u00f3 a la poblaci\u00f3n en general a abrigarse adecuadamente; consumir frutas y verduras ricas en vitamina C; e ingerir l\u00edquidos calientes para mantener la temperatura corporal.<\/p>\n\n\n\n<p>Si se sale de un sitio caliente, proteger bien boca y nariz; adem\u00e1s de incrementar el lavado de manos y el uso de gel antibacterial.<\/p>\n\n\n\n<p>Francisco Mart\u00ednez \u00c1valos mencion\u00f3 que se mantienen habilitados cinco refugios temporales para brindar atenci\u00f3n a personas en situaci\u00f3n vulnerable: el Grupo Ermita AA, en la calle Miguel Hidalgo 417, y el Refugio de los Necesitados, en Melchor M\u00fazquiz 472, ambos en la Zona Centro.<\/p>\n\n\n\n<p>Adem\u00e1s del albergue Morir Para Empezar a Vivir, ubicado en la calle Primo de Verdad 120, colonia Bellavista; Solo por la Gracia de Dios, en la calle Caliche 121, colonia Loma Bonita II; y San Juan Diego, en la calle Ojo de Agua 642, colonia Ojo de Agua.<\/p>\n\n\n\n<p><\/p>\n","protected":false},"excerpt":{"rendered":"<p>Esto de acuerdo al pron\u00f3stico del Servicio Meteorol\u00f3gico Nacional Saltillo, Coahuila de Zaragoza; 22 de febrero de 2026.- De acuerdo con el pron\u00f3stico del Servicio Meteorol\u00f3gico Nacional, se prev\u00e9 un descenso de temperatura en la ciudad de Saltillo durante los pr\u00f3ximos d\u00edas. Para ma\u00f1ana lunes 23 de febrero, se pronostica una temperatura m\u00ednima de 2 [&hellip;]<\/p>\n","protected":false},"author":4,"featured_media":23680,"comment_status":"open","ping_status":"open","sticky":false,"template":"","format":"standard","meta":[],"categories":[202],"tags":[],"_links":{"self":[{"href":"https:\/\/alertasaltillo.com\/index.php\/wp-json\/wp\/v2\/posts\/23679"}],"collection":[{"href":"https:\/\/alertasaltillo.com\/index.php\/wp-json\/wp\/v2\/posts"}],"about":[{"href":"https:\/\/alertasaltillo.com\/index.php\/wp-json\/wp\/v2\/types\/post"}],"author":[{"embeddable":true,"href":"https:\/\/alertasaltillo.com\/index.php\/wp-json\/wp\/v2\/users\/4"}],"replies":[{"embeddable":true,"href":"https:\/\/alertasaltillo.com\/index.php\/wp-json\/wp\/v2\/comments?post=23679"}],"version-history":[{"count":1,"href":"https:\/\/alertasaltillo.com\/index.php\/wp-json\/wp\/v2\/posts\/23679\/revisions"}],"predecessor-version":[{"id":23681,"href":"https:\/\/alertasaltillo.com\/index.php\/wp-json\/wp\/v2\/posts\/23679\/revisions\/23681"}],"wp:featuredmedia":[{"embeddable":true,"href":"https:\/\/alertasaltillo.com\/index.php\/wp-json\/wp\/v2\/media\/23680"}],"wp:attachment":[{"href":"https:\/\/alertasaltillo.com\/index.php\/wp-json\/wp\/v2\/media?parent=23679"}],"wp:term":[{"taxonomy":"category","embeddable":true,"href":"https:\/\/alertasaltillo.com\/index.php\/wp-json\/wp\/v2\/categories?post=23679"},{"taxonomy":"post_tag","embeddable":true,"href":"https:\/\/alertasaltillo.com\/index.php\/wp-json\/wp\/v2\/tags?post=23679"}],"curies":[{"name":"wp","href":"https:\/\/api.w.org\/{rel}","templated":true}]}}