{"id":23661,"date":"2026-02-22T14:32:19","date_gmt":"2026-02-22T14:32:19","guid":{"rendered":"https:\/\/alertasaltillo.com\/?p=23661"},"modified":"2026-02-22T14:32:22","modified_gmt":"2026-02-22T14:32:22","slug":"presenta-la-omsa-con-exito-latidos-de-italia","status":"publish","type":"post","link":"https:\/\/alertasaltillo.com\/index.php\/2026\/02\/22\/presenta-la-omsa-con-exito-latidos-de-italia\/","title":{"rendered":"PRESENTA LA OMSA CON \u00c9XITO \u00abLATIDOS DE ITALIA\u00bb"},"content":{"rendered":"\n<p><em>Disfrutan saltillenses el primer concierto de su temporada<\/em><\/p>\n\n\n\n<p>Saltillo, Coahuila de Zaragoza; 21 de febrero de 2026.- Ante cientos de saltillenses, la Orquesta Metropolitana de Saltillo (OMSA) present\u00f3 con \u00e9xito el concierto titulado \u201cLatidos de Italia\u201d.<\/p>\n\n\n\n<p>Las instalaciones del Museo de las Aves fueron la sede para llevar a cabo el primer concierto de su temporada denominada \u201cLatidos\u201d, un recorrido por la emoci\u00f3n y la fuerza de la m\u00fasica para cuerdas.<\/p>\n\n\n\n<p>Leticia Rodarte Rangel, directora del Instituto Municipal de Cultura, destac\u00f3 la participaci\u00f3n de las y los integrantes de la Orquesta, un proyecto cada d\u00eda m\u00e1s maduro, con una identidad art\u00edstica clara y una profunda vocaci\u00f3n social.<\/p>\n\n\n\n<p>Bajo la direcci\u00f3n art\u00edstica de Natalia Riazanova, el concierto \u201cLatidos de Italia\u201d incluy\u00f3 el Concerto Grosso No. 6 de A. Scarlatti; el \u201cAdagio\u201d de T. Albinoni; Concerto per archi de N. Rota; y el Cuarteto en Mi menor, versi\u00f3n orquestal, de G. Verdi.<\/p>\n\n\n\n<p>La directora art\u00edstica destac\u00f3 que la Orquesta Metropolitana de Saltillo ha fortalecido su nivel interpretativo, ampliado su repertorio y diversificado sus formatos y p\u00fablicos.<\/p>\n\n\n\n<p>\u201cLa temporada Latidos muestra a una orquesta con una identidad propia, capaz de abordar desde el barroco y el clasicismo hasta obras del siglo XX y programas familiares, sin perder coherencia art\u00edstica\u201d, dijo.<\/p>\n\n\n\n<p>Natalia Riazanova mencion\u00f3 que esta primera etapa incluye cinco conciertos de temporada, un concierto infantil, una gira de presentaciones, participaci\u00f3n en el FINA y actividades especiales que conectan la m\u00fasica con la vida cultural de la ciudad.<\/p>\n\n\n\n<p><\/p>\n","protected":false},"excerpt":{"rendered":"<p>Disfrutan saltillenses el primer concierto de su temporada Saltillo, Coahuila de Zaragoza; 21 de febrero de 2026.- Ante cientos de saltillenses, la Orquesta Metropolitana de Saltillo (OMSA) present\u00f3 con \u00e9xito el concierto titulado \u201cLatidos de Italia\u201d. Las instalaciones del Museo de las Aves fueron la sede para llevar a cabo el primer concierto de su [&hellip;]<\/p>\n","protected":false},"author":4,"featured_media":23662,"comment_status":"open","ping_status":"open","sticky":false,"template":"","format":"standard","meta":[],"categories":[201],"tags":[],"_links":{"self":[{"href":"https:\/\/alertasaltillo.com\/index.php\/wp-json\/wp\/v2\/posts\/23661"}],"collection":[{"href":"https:\/\/alertasaltillo.com\/index.php\/wp-json\/wp\/v2\/posts"}],"about":[{"href":"https:\/\/alertasaltillo.com\/index.php\/wp-json\/wp\/v2\/types\/post"}],"author":[{"embeddable":true,"href":"https:\/\/alertasaltillo.com\/index.php\/wp-json\/wp\/v2\/users\/4"}],"replies":[{"embeddable":true,"href":"https:\/\/alertasaltillo.com\/index.php\/wp-json\/wp\/v2\/comments?post=23661"}],"version-history":[{"count":1,"href":"https:\/\/alertasaltillo.com\/index.php\/wp-json\/wp\/v2\/posts\/23661\/revisions"}],"predecessor-version":[{"id":23663,"href":"https:\/\/alertasaltillo.com\/index.php\/wp-json\/wp\/v2\/posts\/23661\/revisions\/23663"}],"wp:featuredmedia":[{"embeddable":true,"href":"https:\/\/alertasaltillo.com\/index.php\/wp-json\/wp\/v2\/media\/23662"}],"wp:attachment":[{"href":"https:\/\/alertasaltillo.com\/index.php\/wp-json\/wp\/v2\/media?parent=23661"}],"wp:term":[{"taxonomy":"category","embeddable":true,"href":"https:\/\/alertasaltillo.com\/index.php\/wp-json\/wp\/v2\/categories?post=23661"},{"taxonomy":"post_tag","embeddable":true,"href":"https:\/\/alertasaltillo.com\/index.php\/wp-json\/wp\/v2\/tags?post=23661"}],"curies":[{"name":"wp","href":"https:\/\/api.w.org\/{rel}","templated":true}]}}