{"id":23623,"date":"2026-02-21T15:48:09","date_gmt":"2026-02-21T15:48:09","guid":{"rendered":"https:\/\/alertasaltillo.com\/?p=23623"},"modified":"2026-02-21T15:48:09","modified_gmt":"2026-02-21T15:48:09","slug":"muere-joven-tras-choque-frontal-contra-transporte-de-personal-en-ramos-arizpe","status":"publish","type":"post","link":"https:\/\/alertasaltillo.com\/index.php\/2026\/02\/21\/muere-joven-tras-choque-frontal-contra-transporte-de-personal-en-ramos-arizpe\/","title":{"rendered":"MUERE JOVEN TRAS CHOQUE FRONTAL CONTRA TRANSPORTE DE PERSONAL EN RAMOS ARIZPE"},"content":{"rendered":"\n<p><\/p>\n\n\n\n<h2>El accidente ocurri\u00f3 durante la madrugada sobre el bulevar Miguel Ramos Arizpe<\/h2>\n\n\n\n<p>Un joven conductor perdi\u00f3 la vida durante la madrugada de este s\u00e1bado, luego de impactar de manera frontal el veh\u00edculo que conduc\u00eda contra un autob\u00fas de pasajeros de la l\u00ednea Settepi, en hechos ocurridos sobre&nbsp;<strong><a rel=\"noreferrer noopener\" href=\"https:\/\/vanguardia.com.mx\/autor\/-\/meta\/ramos-arizpe\" target=\"_blank\">el bulevar Miguel Ramos Arizpe.<\/a><\/strong><\/p>\n\n\n\n<p>El accidente se registr\u00f3 alrededor de las 00:30 horas, cuando el ahora occiso circulaba a bordo de un autom\u00f3vil Infiniti Q50 color blanco en direcci\u00f3n al norte, presuntamente a exceso de velocidad.<\/p>\n\n\n\n<p>De acuerdo con los primeros peritajes, metros antes de llegar a la intersecci\u00f3n con la carretera a Los Pinos, el conductor perdi\u00f3 el control del volante, brinc\u00f3 el camell\u00f3n central e invadi\u00f3 los carriles contrarios, impact\u00e1ndose de frente contra el autob\u00fas que descend\u00eda del puente vehicular en sentido opuesto.<\/p>\n\n\n\n<p>Trabajadores de una gasoliner\u00eda cercana se aproximaron para auxiliar al automovilista; sin embargo, lo encontraron inconsciente al interior de la unidad, la cual qued\u00f3 severamente destrozada tras el fuerte impacto.<\/p>\n\n\n\n<p>Elementos de la Polic\u00eda Municipal de Ramos Arizpe arribaron al sitio para tomar conocimiento de los hechos y abanderar la circulaci\u00f3n, a fin de prevenir otro percance en la zona.<\/p>\n\n\n\n<p>Con Informaci\u00f3n Tomada de VANGUARDIA<\/p>\n","protected":false},"excerpt":{"rendered":"<p>El accidente ocurri\u00f3 durante la madrugada sobre el bulevar Miguel Ramos Arizpe Un joven conductor perdi\u00f3 la vida durante la madrugada de este s\u00e1bado, luego de impactar de manera frontal el veh\u00edculo que conduc\u00eda contra un autob\u00fas de pasajeros de la l\u00ednea Settepi, en hechos ocurridos sobre&nbsp;el bulevar Miguel Ramos Arizpe. El accidente se registr\u00f3 [&hellip;]<\/p>\n","protected":false},"author":4,"featured_media":23624,"comment_status":"open","ping_status":"open","sticky":false,"template":"","format":"standard","meta":[],"categories":[199],"tags":[],"_links":{"self":[{"href":"https:\/\/alertasaltillo.com\/index.php\/wp-json\/wp\/v2\/posts\/23623"}],"collection":[{"href":"https:\/\/alertasaltillo.com\/index.php\/wp-json\/wp\/v2\/posts"}],"about":[{"href":"https:\/\/alertasaltillo.com\/index.php\/wp-json\/wp\/v2\/types\/post"}],"author":[{"embeddable":true,"href":"https:\/\/alertasaltillo.com\/index.php\/wp-json\/wp\/v2\/users\/4"}],"replies":[{"embeddable":true,"href":"https:\/\/alertasaltillo.com\/index.php\/wp-json\/wp\/v2\/comments?post=23623"}],"version-history":[{"count":1,"href":"https:\/\/alertasaltillo.com\/index.php\/wp-json\/wp\/v2\/posts\/23623\/revisions"}],"predecessor-version":[{"id":23625,"href":"https:\/\/alertasaltillo.com\/index.php\/wp-json\/wp\/v2\/posts\/23623\/revisions\/23625"}],"wp:featuredmedia":[{"embeddable":true,"href":"https:\/\/alertasaltillo.com\/index.php\/wp-json\/wp\/v2\/media\/23624"}],"wp:attachment":[{"href":"https:\/\/alertasaltillo.com\/index.php\/wp-json\/wp\/v2\/media?parent=23623"}],"wp:term":[{"taxonomy":"category","embeddable":true,"href":"https:\/\/alertasaltillo.com\/index.php\/wp-json\/wp\/v2\/categories?post=23623"},{"taxonomy":"post_tag","embeddable":true,"href":"https:\/\/alertasaltillo.com\/index.php\/wp-json\/wp\/v2\/tags?post=23623"}],"curies":[{"name":"wp","href":"https:\/\/api.w.org\/{rel}","templated":true}]}}