{"id":23523,"date":"2026-02-16T00:07:18","date_gmt":"2026-02-16T00:07:18","guid":{"rendered":"https:\/\/alertasaltillo.com\/?p=23523"},"modified":"2026-02-16T00:07:21","modified_gmt":"2026-02-16T00:07:21","slug":"habra-este-domingo-vacunacion-contra-el-sarampion-en-la-ruta-recreativa","status":"publish","type":"post","link":"https:\/\/alertasaltillo.com\/index.php\/2026\/02\/16\/habra-este-domingo-vacunacion-contra-el-sarampion-en-la-ruta-recreativa\/","title":{"rendered":"HABR\u00c1 ESTE DOMINGO VACUNACI\u00d3N CONTRA EL SARAMPI\u00d3N EN LA RUTA RECREAT\u00cdVA"},"content":{"rendered":"\n<p><em>Exhorta Gobierno Municipal a acudir y aplic\u00e1rsela<\/em><\/p>\n\n\n\n<p>Saltillo, Coahuila de Zaragoza; 14 de febrero de 2026.- El Gobierno Municipal de Saltillo inform\u00f3 que este domingo 15 de febrero se contar\u00e1 con un m\u00f3dulo de vacunaci\u00f3n contra el sarampi\u00f3n en la Ruta Recreativa.<\/p>\n\n\n\n<p>Ante ello, se exhort\u00f3 a la poblaci\u00f3n a acudir y aplicarse la vacuna en el m\u00f3dulo que estar\u00e1 ubicado en la explanada del Ateneo Fuente, a partir de las 8:00 de la ma\u00f1ana.<\/p>\n\n\n\n<p>Rub\u00e9n Rodr\u00edguez Lindsay, director de Salud P\u00fablica Municipal, inform\u00f3 que la vacunaci\u00f3n est\u00e1 dirigida a ni\u00f1as y ni\u00f1os de 6, 12 y 18 meses, as\u00ed como de 1 a 10 a\u00f1os que no cuenten con el esquema completo de 2 dosis.<\/p>\n\n\n\n<p>Asimismo, para la poblaci\u00f3n de 10 a 49 a\u00f1os que desconozca si cuenta con la dosis o tenga la cartilla incompleta.<\/p>\n\n\n\n<p>El director de Salud P\u00fablica Municipal mencion\u00f3 que el proceso de vacunaci\u00f3n contra el sarampi\u00f3n estar\u00e1 disponible hasta el t\u00e9rmino de la Ruta Recreativa, a las 12:00 del mediod\u00eda, o bien, hasta agotar existencias.<\/p>\n\n\n\n<p><\/p>\n","protected":false},"excerpt":{"rendered":"<p>Exhorta Gobierno Municipal a acudir y aplic\u00e1rsela Saltillo, Coahuila de Zaragoza; 14 de febrero de 2026.- El Gobierno Municipal de Saltillo inform\u00f3 que este domingo 15 de febrero se contar\u00e1 con un m\u00f3dulo de vacunaci\u00f3n contra el sarampi\u00f3n en la Ruta Recreativa. Ante ello, se exhort\u00f3 a la poblaci\u00f3n a acudir y aplicarse la vacuna [&hellip;]<\/p>\n","protected":false},"author":4,"featured_media":23524,"comment_status":"open","ping_status":"open","sticky":false,"template":"","format":"standard","meta":[],"categories":[197],"tags":[],"_links":{"self":[{"href":"https:\/\/alertasaltillo.com\/index.php\/wp-json\/wp\/v2\/posts\/23523"}],"collection":[{"href":"https:\/\/alertasaltillo.com\/index.php\/wp-json\/wp\/v2\/posts"}],"about":[{"href":"https:\/\/alertasaltillo.com\/index.php\/wp-json\/wp\/v2\/types\/post"}],"author":[{"embeddable":true,"href":"https:\/\/alertasaltillo.com\/index.php\/wp-json\/wp\/v2\/users\/4"}],"replies":[{"embeddable":true,"href":"https:\/\/alertasaltillo.com\/index.php\/wp-json\/wp\/v2\/comments?post=23523"}],"version-history":[{"count":1,"href":"https:\/\/alertasaltillo.com\/index.php\/wp-json\/wp\/v2\/posts\/23523\/revisions"}],"predecessor-version":[{"id":23525,"href":"https:\/\/alertasaltillo.com\/index.php\/wp-json\/wp\/v2\/posts\/23523\/revisions\/23525"}],"wp:featuredmedia":[{"embeddable":true,"href":"https:\/\/alertasaltillo.com\/index.php\/wp-json\/wp\/v2\/media\/23524"}],"wp:attachment":[{"href":"https:\/\/alertasaltillo.com\/index.php\/wp-json\/wp\/v2\/media?parent=23523"}],"wp:term":[{"taxonomy":"category","embeddable":true,"href":"https:\/\/alertasaltillo.com\/index.php\/wp-json\/wp\/v2\/categories?post=23523"},{"taxonomy":"post_tag","embeddable":true,"href":"https:\/\/alertasaltillo.com\/index.php\/wp-json\/wp\/v2\/tags?post=23523"}],"curies":[{"name":"wp","href":"https:\/\/api.w.org\/{rel}","templated":true}]}}