{"id":23473,"date":"2026-02-13T20:40:39","date_gmt":"2026-02-13T20:40:39","guid":{"rendered":"https:\/\/alertasaltillo.com\/?p=23473"},"modified":"2026-02-13T20:40:42","modified_gmt":"2026-02-13T20:40:42","slug":"realizan-filtro-sanitario-por-casos-sospechosos-de-sarampion-en-secundaria-de-saltillo","status":"publish","type":"post","link":"https:\/\/alertasaltillo.com\/index.php\/2026\/02\/13\/realizan-filtro-sanitario-por-casos-sospechosos-de-sarampion-en-secundaria-de-saltillo\/","title":{"rendered":"REALIZAN FILTRO SANITARIO POR CASOS SOSPECHOSOS DE SARAMPI\u00d3N EN SECUNDARIA DE SALTILLO"},"content":{"rendered":"\n<h3><em>Este viernes se tomaron medidas de revisi\u00f3n entre estudiantes de la Secundaria T\u00e9cnica 72 para detectar m\u00e1s indicios de esta enfermedad viral&nbsp;<\/em><\/h3>\n\n\n\n<p>Un filtro sanitario contra el sarampi\u00f3n se aplic\u00f3 este viernes entre los alumnos de la Escuela Secundaria T\u00e9cnica 72 \u201cDr. Mario E. Castro Gil\u201d, en Saltillo, plantel en el que se reportaron, y ya se investigan, al menos dos casos sospechosos de sarampi\u00f3n.<\/p>\n\n\n\n<p>De acuerdo con el \u00e1rea de Comunicaci\u00f3n de la Secretar\u00eda de Educaci\u00f3n de Coahuila, hasta la tarde de este viernes no hay casos confirmados de sarampi\u00f3n en la T\u00e9cnica 72 y la dependencia estatal se mantiene en constante comunicaci\u00f3n con la Secretar\u00eda de Salud para comprobar o descartarlos.<\/p>\n\n\n\n<p>\u201cHay preocupaci\u00f3n por parte de los padres, hay que llevar las medidas necesarias, creo que es muy importante. Hay que estar checando a los ni\u00f1os y adultos porque el contacto est\u00e1  creciendo\u201d, dijo Juan, tutor de uno de los menores que acuden a la\u00a0Secundaria T\u00e9cnica 72.\u00a0<\/p>\n\n\n\n<p>Con Informaci\u00f3n Tomada de EL HERALDO DE SALTILLO<\/p>\n","protected":false},"excerpt":{"rendered":"<p>Este viernes se tomaron medidas de revisi\u00f3n entre estudiantes de la Secundaria T\u00e9cnica 72 para detectar m\u00e1s indicios de esta enfermedad viral&nbsp; Un filtro sanitario contra el sarampi\u00f3n se aplic\u00f3 este viernes entre los alumnos de la Escuela Secundaria T\u00e9cnica 72 \u201cDr. Mario E. Castro Gil\u201d, en Saltillo, plantel en el que se reportaron, y [&hellip;]<\/p>\n","protected":false},"author":4,"featured_media":23474,"comment_status":"open","ping_status":"open","sticky":false,"template":"","format":"standard","meta":[],"categories":[197],"tags":[],"_links":{"self":[{"href":"https:\/\/alertasaltillo.com\/index.php\/wp-json\/wp\/v2\/posts\/23473"}],"collection":[{"href":"https:\/\/alertasaltillo.com\/index.php\/wp-json\/wp\/v2\/posts"}],"about":[{"href":"https:\/\/alertasaltillo.com\/index.php\/wp-json\/wp\/v2\/types\/post"}],"author":[{"embeddable":true,"href":"https:\/\/alertasaltillo.com\/index.php\/wp-json\/wp\/v2\/users\/4"}],"replies":[{"embeddable":true,"href":"https:\/\/alertasaltillo.com\/index.php\/wp-json\/wp\/v2\/comments?post=23473"}],"version-history":[{"count":1,"href":"https:\/\/alertasaltillo.com\/index.php\/wp-json\/wp\/v2\/posts\/23473\/revisions"}],"predecessor-version":[{"id":23475,"href":"https:\/\/alertasaltillo.com\/index.php\/wp-json\/wp\/v2\/posts\/23473\/revisions\/23475"}],"wp:featuredmedia":[{"embeddable":true,"href":"https:\/\/alertasaltillo.com\/index.php\/wp-json\/wp\/v2\/media\/23474"}],"wp:attachment":[{"href":"https:\/\/alertasaltillo.com\/index.php\/wp-json\/wp\/v2\/media?parent=23473"}],"wp:term":[{"taxonomy":"category","embeddable":true,"href":"https:\/\/alertasaltillo.com\/index.php\/wp-json\/wp\/v2\/categories?post=23473"},{"taxonomy":"post_tag","embeddable":true,"href":"https:\/\/alertasaltillo.com\/index.php\/wp-json\/wp\/v2\/tags?post=23473"}],"curies":[{"name":"wp","href":"https:\/\/api.w.org\/{rel}","templated":true}]}}