{"id":23415,"date":"2026-02-12T15:26:40","date_gmt":"2026-02-12T15:26:40","guid":{"rendered":"https:\/\/alertasaltillo.com\/?p=23415"},"modified":"2026-02-12T15:26:43","modified_gmt":"2026-02-12T15:26:43","slug":"identifican-a-agresorers-de-joven-a-batazos-en-plaza-cocoa-no-iran-a-juicio-buscaran-acuerdo","status":"publish","type":"post","link":"https:\/\/alertasaltillo.com\/index.php\/2026\/02\/12\/identifican-a-agresorers-de-joven-a-batazos-en-plaza-cocoa-no-iran-a-juicio-buscaran-acuerdo\/","title":{"rendered":"IDENTIFICAN A AGRESORERS DE JOVEN A BATAZOS EN PLAZA COCOA; NO IR\u00c1N A JUICIO, BUSCAR\u00c1N ACUERDO"},"content":{"rendered":"\n<p>Un joven fue brutalmente agredido por un grupo de cuatro sujetos en el estacionamiento de&nbsp;<strong><a rel=\"noreferrer noopener\" href=\"https:\/\/vanguardia.com.mx\/coahuila\/saltillo\" target=\"_blank\">la Plaza Cocoa, en Saltillo<\/a><\/strong>. Los atacantes utilizaron un bate para golpearlo y le robaron su cartera, celular y las llaves de su motocicleta.<\/p>\n\n\n\n<p>Despu\u00e9s de la denuncia formal, la Fiscal\u00eda General del Estado confirm\u00f3 que los presuntos responsables son menores de edad. Julio Loera, delegado de la Regi\u00f3n Sureste, inform\u00f3 que los j\u00f3venes ya est\u00e1n plenamente identificados y bajo seguimiento de la autoridad.<\/p>\n\n\n\n<p>\u201cLa v\u00edctima se presenta en compa\u00f1\u00eda de su abogado desde el fin de semana. Y pues ya tenemos efectivamente identificados a los agresores\u201d, se\u00f1al\u00f3 el funcionario respecto al avance de las investigaciones tras la viralizaci\u00f3n del video en redes sociales.<\/p>\n\n\n\n<p>Debido a su condici\u00f3n de menores, los implicados comparecieron con representaci\u00f3n legal para buscar una resoluci\u00f3n que no llegue a juicio. \u201cYa tambi\u00e9n comparecieron por ah\u00ed en compa\u00f1\u00eda de un abogado y ahorita est\u00e1n en pl\u00e1ticas para llegar a una salida alterna\u201d.<\/p>\n\n\n\n<p> Con Informaci\u00f3n Tomada de VANGUARDIA<\/p>\n","protected":false},"excerpt":{"rendered":"<p>Un joven fue brutalmente agredido por un grupo de cuatro sujetos en el estacionamiento de&nbsp;la Plaza Cocoa, en Saltillo. Los atacantes utilizaron un bate para golpearlo y le robaron su cartera, celular y las llaves de su motocicleta. Despu\u00e9s de la denuncia formal, la Fiscal\u00eda General del Estado confirm\u00f3 que los presuntos responsables son menores [&hellip;]<\/p>\n","protected":false},"author":4,"featured_media":23416,"comment_status":"open","ping_status":"open","sticky":false,"template":"","format":"standard","meta":[],"categories":[199],"tags":[],"_links":{"self":[{"href":"https:\/\/alertasaltillo.com\/index.php\/wp-json\/wp\/v2\/posts\/23415"}],"collection":[{"href":"https:\/\/alertasaltillo.com\/index.php\/wp-json\/wp\/v2\/posts"}],"about":[{"href":"https:\/\/alertasaltillo.com\/index.php\/wp-json\/wp\/v2\/types\/post"}],"author":[{"embeddable":true,"href":"https:\/\/alertasaltillo.com\/index.php\/wp-json\/wp\/v2\/users\/4"}],"replies":[{"embeddable":true,"href":"https:\/\/alertasaltillo.com\/index.php\/wp-json\/wp\/v2\/comments?post=23415"}],"version-history":[{"count":1,"href":"https:\/\/alertasaltillo.com\/index.php\/wp-json\/wp\/v2\/posts\/23415\/revisions"}],"predecessor-version":[{"id":23417,"href":"https:\/\/alertasaltillo.com\/index.php\/wp-json\/wp\/v2\/posts\/23415\/revisions\/23417"}],"wp:featuredmedia":[{"embeddable":true,"href":"https:\/\/alertasaltillo.com\/index.php\/wp-json\/wp\/v2\/media\/23416"}],"wp:attachment":[{"href":"https:\/\/alertasaltillo.com\/index.php\/wp-json\/wp\/v2\/media?parent=23415"}],"wp:term":[{"taxonomy":"category","embeddable":true,"href":"https:\/\/alertasaltillo.com\/index.php\/wp-json\/wp\/v2\/categories?post=23415"},{"taxonomy":"post_tag","embeddable":true,"href":"https:\/\/alertasaltillo.com\/index.php\/wp-json\/wp\/v2\/tags?post=23415"}],"curies":[{"name":"wp","href":"https:\/\/api.w.org\/{rel}","templated":true}]}}