{"id":23355,"date":"2026-02-10T18:55:12","date_gmt":"2026-02-10T18:55:12","guid":{"rendered":"https:\/\/alertasaltillo.com\/?p=23355"},"modified":"2026-02-10T18:55:15","modified_gmt":"2026-02-10T18:55:15","slug":"shakira-se-cae-en-pleno-escenario-momento-se-viraliza-en-redes","status":"publish","type":"post","link":"https:\/\/alertasaltillo.com\/index.php\/2026\/02\/10\/shakira-se-cae-en-pleno-escenario-momento-se-viraliza-en-redes\/","title":{"rendered":"SHAKIRA SE CAE EN PLENO ESCENARIO; MOMENTO SE VIRALIZA EN REDES"},"content":{"rendered":"\n<p><\/p>\n\n\n\n<p>La gira&nbsp;<strong><em>\u201cLas mujeres ya no lloran\u201d<\/em><\/strong>&nbsp;de Shakira tuvo un momento inesperado durante la visita de la cantante a El Salvador.<\/p>\n\n\n\n<p>Este pasado fin de semana, la artista colombiana lleg\u00f3 al pa\u00eds centroamericano para ofrecer el primero de cuatro conciertos en el Estadio Nacional Jorge&nbsp;<strong>\u201cEl m\u00e1gico\u201d Gonz\u00e1lez.<\/strong><\/p>\n\n\n\n<p>El recinto luci\u00f3 completamente abarrotado y aunque el espect\u00e1culo transcurr\u00eda con normalidad, un accidente en pleno escenario termin\u00f3 rob\u00e1ndose la atenci\u00f3n y hasta se hizo viral en las redes sociales.<\/p>\n\n\n\n<p>Todo ocurri\u00f3 mientras Shakira interpretaba el tema&nbsp;<strong><em>\u201cSi te vas\u201d<\/em><\/strong>&nbsp;frente a los miles de asistentes reunidos. La colombiana, ya con la emoci\u00f3n del&nbsp;<strong>show<\/strong>, tom\u00f3 el pedestal del micr\u00f3fono y lo alz\u00f3 para realizar una secuencia de baile; pero cuando se dispon\u00eda a cambiar de lugar, un resbal\u00f3n la hizo caer al suelo con todo y micr\u00f3fono.<\/p>\n\n\n\n<p>La estrella pop logr\u00f3 amortiguar el golpe con su rodilla y uno de sus antebrazos. Inmediatamente, y a pesar del fuerte golpe, Shakira se puso de pie y continu\u00f3 con el concierto como si nada hubiera pasado.<\/p>\n\n\n\n<p>El p\u00fablico respondi\u00f3 con aplausos y gritos de apoyo, y el espect\u00e1culo avanz\u00f3 conforme a lo previsto.\u00a0<strong>De acuerdo con asistentes, el incidente no afect\u00f3 el desarrollo del evento ni el \u00e1nimo general del concierto.<\/strong><\/p>\n\n\n\n<p>Con Informaci\u00f3n Tomada de EL DIARIO DE COAHUILA<\/p>\n","protected":false},"excerpt":{"rendered":"<p>La gira&nbsp;\u201cLas mujeres ya no lloran\u201d&nbsp;de Shakira tuvo un momento inesperado durante la visita de la cantante a El Salvador. Este pasado fin de semana, la artista colombiana lleg\u00f3 al pa\u00eds centroamericano para ofrecer el primero de cuatro conciertos en el Estadio Nacional Jorge&nbsp;\u201cEl m\u00e1gico\u201d Gonz\u00e1lez. El recinto luci\u00f3 completamente abarrotado y aunque el espect\u00e1culo [&hellip;]<\/p>\n","protected":false},"author":4,"featured_media":23356,"comment_status":"open","ping_status":"open","sticky":false,"template":"","format":"standard","meta":[],"categories":[8],"tags":[],"_links":{"self":[{"href":"https:\/\/alertasaltillo.com\/index.php\/wp-json\/wp\/v2\/posts\/23355"}],"collection":[{"href":"https:\/\/alertasaltillo.com\/index.php\/wp-json\/wp\/v2\/posts"}],"about":[{"href":"https:\/\/alertasaltillo.com\/index.php\/wp-json\/wp\/v2\/types\/post"}],"author":[{"embeddable":true,"href":"https:\/\/alertasaltillo.com\/index.php\/wp-json\/wp\/v2\/users\/4"}],"replies":[{"embeddable":true,"href":"https:\/\/alertasaltillo.com\/index.php\/wp-json\/wp\/v2\/comments?post=23355"}],"version-history":[{"count":1,"href":"https:\/\/alertasaltillo.com\/index.php\/wp-json\/wp\/v2\/posts\/23355\/revisions"}],"predecessor-version":[{"id":23357,"href":"https:\/\/alertasaltillo.com\/index.php\/wp-json\/wp\/v2\/posts\/23355\/revisions\/23357"}],"wp:featuredmedia":[{"embeddable":true,"href":"https:\/\/alertasaltillo.com\/index.php\/wp-json\/wp\/v2\/media\/23356"}],"wp:attachment":[{"href":"https:\/\/alertasaltillo.com\/index.php\/wp-json\/wp\/v2\/media?parent=23355"}],"wp:term":[{"taxonomy":"category","embeddable":true,"href":"https:\/\/alertasaltillo.com\/index.php\/wp-json\/wp\/v2\/categories?post=23355"},{"taxonomy":"post_tag","embeddable":true,"href":"https:\/\/alertasaltillo.com\/index.php\/wp-json\/wp\/v2\/tags?post=23355"}],"curies":[{"name":"wp","href":"https:\/\/api.w.org\/{rel}","templated":true}]}}