{"id":23178,"date":"2026-02-03T19:07:48","date_gmt":"2026-02-03T19:07:48","guid":{"rendered":"https:\/\/alertasaltillo.com\/?p=23178"},"modified":"2026-02-03T19:07:50","modified_gmt":"2026-02-03T19:07:50","slug":"yo-soy-hombre-sujeto-rechaza-subir-a-auto-rosa-y-enfrenta-a-conductora-en-puerto-vallarta","status":"publish","type":"post","link":"https:\/\/alertasaltillo.com\/index.php\/2026\/02\/03\/yo-soy-hombre-sujeto-rechaza-subir-a-auto-rosa-y-enfrenta-a-conductora-en-puerto-vallarta\/","title":{"rendered":"\u00abYO SOY HOMBRE\u00bb: SUJETO RECHAZA SUBIR A AUTO ROSA Y ENFRENTA A CONDUCTORA EN PUERTO VALLARTA"},"content":{"rendered":"\n<h2>Un pasajero en Puerto Vallarta rechaz\u00f3 subir a un auto rosa de plataforma, generando un video viral y debate sobre prejuicios de g\u00e9nero e inclusi\u00f3n.<\/h2>\n\n\n\n<p>Un desacuerdo se convirti\u00f3 en tema de debate en redes sociales luego de que un pasajero en&nbsp;<strong>Puerto Vallarta,&nbsp;<a href=\"https:\/\/www.excelsior.com.mx\/temas\/jalisco\">Jalisco<\/a><\/strong>, se negara a abordar un veh\u00edculo de plataforma \u00fanicamente porque era de color rosa. El hecho fue grabado por la conductora del autom\u00f3vil,&nbsp;<strong>Osiris Su\u00e1rez<\/strong>, quien comparti\u00f3 el clip.<\/p>\n\n\n\n<p>En el video se observa c\u00f3mo la conductora llega al punto acordado para recoger al pasajero. Al ver el autom\u00f3vil decorado en tonos rosas, el hombre expresa su inconformidad y rechaza iniciar el viaje solicitado.\u00a0<em>\u201c\u00bfEsta madr.. qu\u00e9? Es un carro rosa\u2026 Yo soy hombre, \u00bfc\u00f3mo me voy a subir a un carro rosa?\u201d<\/em>, se escucha decir al pasajero mientras discute con la conductora.<\/p>\n\n\n\n<p>Ante la negativa del usuario, Osiris Su\u00e1rez defendi\u00f3 su<strong>\u00a0derecho a personalizar su veh\u00edculo<\/strong>\u00a0y record\u00f3 que el color del autom\u00f3vil no influye en la calidad del servicio ni en la seguridad del traslado.\u00a0<em>\u201cNo se te va a quitar lo hombre porque te subas. Es un gusto personal, es mi carro\u201d,<\/em>\u00a0respondi\u00f3 durante la discusi\u00f3n.<\/p>\n\n\n\n<p>Con Informaci\u00f3n Tomada de EXC\u00c9LSIOR<\/p>\n","protected":false},"excerpt":{"rendered":"<p>Un pasajero en Puerto Vallarta rechaz\u00f3 subir a un auto rosa de plataforma, generando un video viral y debate sobre prejuicios de g\u00e9nero e inclusi\u00f3n. Un desacuerdo se convirti\u00f3 en tema de debate en redes sociales luego de que un pasajero en&nbsp;Puerto Vallarta,&nbsp;Jalisco, se negara a abordar un veh\u00edculo de plataforma \u00fanicamente porque era de [&hellip;]<\/p>\n","protected":false},"author":4,"featured_media":23179,"comment_status":"open","ping_status":"open","sticky":false,"template":"","format":"standard","meta":[],"categories":[8],"tags":[],"_links":{"self":[{"href":"https:\/\/alertasaltillo.com\/index.php\/wp-json\/wp\/v2\/posts\/23178"}],"collection":[{"href":"https:\/\/alertasaltillo.com\/index.php\/wp-json\/wp\/v2\/posts"}],"about":[{"href":"https:\/\/alertasaltillo.com\/index.php\/wp-json\/wp\/v2\/types\/post"}],"author":[{"embeddable":true,"href":"https:\/\/alertasaltillo.com\/index.php\/wp-json\/wp\/v2\/users\/4"}],"replies":[{"embeddable":true,"href":"https:\/\/alertasaltillo.com\/index.php\/wp-json\/wp\/v2\/comments?post=23178"}],"version-history":[{"count":1,"href":"https:\/\/alertasaltillo.com\/index.php\/wp-json\/wp\/v2\/posts\/23178\/revisions"}],"predecessor-version":[{"id":23180,"href":"https:\/\/alertasaltillo.com\/index.php\/wp-json\/wp\/v2\/posts\/23178\/revisions\/23180"}],"wp:featuredmedia":[{"embeddable":true,"href":"https:\/\/alertasaltillo.com\/index.php\/wp-json\/wp\/v2\/media\/23179"}],"wp:attachment":[{"href":"https:\/\/alertasaltillo.com\/index.php\/wp-json\/wp\/v2\/media?parent=23178"}],"wp:term":[{"taxonomy":"category","embeddable":true,"href":"https:\/\/alertasaltillo.com\/index.php\/wp-json\/wp\/v2\/categories?post=23178"},{"taxonomy":"post_tag","embeddable":true,"href":"https:\/\/alertasaltillo.com\/index.php\/wp-json\/wp\/v2\/tags?post=23178"}],"curies":[{"name":"wp","href":"https:\/\/api.w.org\/{rel}","templated":true}]}}