{"id":23138,"date":"2026-02-03T00:53:19","date_gmt":"2026-02-03T00:53:19","guid":{"rendered":"https:\/\/alertasaltillo.com\/?p=23138"},"modified":"2026-02-03T00:53:21","modified_gmt":"2026-02-03T00:53:21","slug":"hombre-se-sube-al-techo-de-un-avion-y-retrasa-dos-horas-un-vuelo-a-amsterdam","status":"publish","type":"post","link":"https:\/\/alertasaltillo.com\/index.php\/2026\/02\/03\/hombre-se-sube-al-techo-de-un-avion-y-retrasa-dos-horas-un-vuelo-a-amsterdam\/","title":{"rendered":"HOMBRE SE SUBE AL TECHO DE UN AVI\u00d3N Y RETRASA DOS HORAS UN VUELO A \u00c1MSTERDAM"},"content":{"rendered":"\n<h2>El sujeto fue trasladado al Hospital General de Val\u00e8ncia debido al estado ps\u00edquico alterado.<\/h2>\n\n\n\n<p>Un&nbsp;<strong>vuelo de la aerol\u00ednea Vueling<\/strong>&nbsp;con destino a&nbsp;<strong>\u00c1msterdam<\/strong>&nbsp;sufri\u00f3 un&nbsp;<strong>retraso de dos horas<\/strong>&nbsp;este s\u00e1bado en el&nbsp;<strong>aeropuerto de Manises, en Valencia<\/strong>, luego de que un&nbsp;<strong>hombre de 24 a\u00f1os<\/strong>&nbsp;accediera de forma indebida a la pista y se&nbsp;<strong>subiera al techo del avi\u00f3n<\/strong>&nbsp;cuando la aeronave estaba lista para despegar.<\/p>\n\n\n\n<p>De acuerdo con informaci\u00f3n confirmada por\u00a0<strong>Aena<\/strong>\u00a0y la\u00a0<strong>Guardia Civil<\/strong>\u00a0a la agencia\u00a0<strong>EFE<\/strong>, el incidente ocurri\u00f3 alrededor de las\u00a0<strong>18:30 horas<\/strong>, momento en el que el vuelo\u00a0<strong>VY1372<\/strong>\u00a0ten\u00eda programada su salida hacia la capital neerlandesa.<\/p>\n\n\n\n<p>Testigos presenciales grabaron en&nbsp;<a href=\"https:\/\/www.excelsior.com.mx\/temas\/video\" target=\"_blank\" rel=\"noreferrer noopener\">video<\/a>&nbsp;al individuo&nbsp;<strong>corriendo y gesticulando sobre el fuselaje del avi\u00f3n<\/strong>, visiblemente alterado, mientras personal del aeropuerto y agentes de seguridad intentaban controlar la situaci\u00f3n. Las im\u00e1genes, difundidas posteriormente por el diario&nbsp;<strong>Las Provincias<\/strong>, muestran la cercan\u00eda del hombre con zonas cr\u00edticas de la aeronave, lo que oblig\u00f3 a activar los&nbsp;<strong>protocolos de seguridad a\u00e9rea<\/strong>.<\/p>\n\n\n\n<p>La\u00a0<strong>Guardia Civil<\/strong>\u00a0logr\u00f3 finalmente que el joven descendiera del aparato sin que se registraran\u00a0<strong>da\u00f1os materiales ni personas lesionadas<\/strong>, evitando una situaci\u00f3n de mayor riesgo tanto para los pasajeros como para la tripulaci\u00f3n.<\/p>\n\n\n\n<p>Con Informaci\u00f3n Tomada de EXC\u00c9LSIOR<\/p>\n\n\n\n<p><\/p>\n","protected":false},"excerpt":{"rendered":"<p>El sujeto fue trasladado al Hospital General de Val\u00e8ncia debido al estado ps\u00edquico alterado. Un&nbsp;vuelo de la aerol\u00ednea Vueling&nbsp;con destino a&nbsp;\u00c1msterdam&nbsp;sufri\u00f3 un&nbsp;retraso de dos horas&nbsp;este s\u00e1bado en el&nbsp;aeropuerto de Manises, en Valencia, luego de que un&nbsp;hombre de 24 a\u00f1os&nbsp;accediera de forma indebida a la pista y se&nbsp;subiera al techo del avi\u00f3n&nbsp;cuando la aeronave estaba lista [&hellip;]<\/p>\n","protected":false},"author":4,"featured_media":23139,"comment_status":"open","ping_status":"open","sticky":false,"template":"","format":"standard","meta":[],"categories":[8],"tags":[],"_links":{"self":[{"href":"https:\/\/alertasaltillo.com\/index.php\/wp-json\/wp\/v2\/posts\/23138"}],"collection":[{"href":"https:\/\/alertasaltillo.com\/index.php\/wp-json\/wp\/v2\/posts"}],"about":[{"href":"https:\/\/alertasaltillo.com\/index.php\/wp-json\/wp\/v2\/types\/post"}],"author":[{"embeddable":true,"href":"https:\/\/alertasaltillo.com\/index.php\/wp-json\/wp\/v2\/users\/4"}],"replies":[{"embeddable":true,"href":"https:\/\/alertasaltillo.com\/index.php\/wp-json\/wp\/v2\/comments?post=23138"}],"version-history":[{"count":1,"href":"https:\/\/alertasaltillo.com\/index.php\/wp-json\/wp\/v2\/posts\/23138\/revisions"}],"predecessor-version":[{"id":23140,"href":"https:\/\/alertasaltillo.com\/index.php\/wp-json\/wp\/v2\/posts\/23138\/revisions\/23140"}],"wp:featuredmedia":[{"embeddable":true,"href":"https:\/\/alertasaltillo.com\/index.php\/wp-json\/wp\/v2\/media\/23139"}],"wp:attachment":[{"href":"https:\/\/alertasaltillo.com\/index.php\/wp-json\/wp\/v2\/media?parent=23138"}],"wp:term":[{"taxonomy":"category","embeddable":true,"href":"https:\/\/alertasaltillo.com\/index.php\/wp-json\/wp\/v2\/categories?post=23138"},{"taxonomy":"post_tag","embeddable":true,"href":"https:\/\/alertasaltillo.com\/index.php\/wp-json\/wp\/v2\/tags?post=23138"}],"curies":[{"name":"wp","href":"https:\/\/api.w.org\/{rel}","templated":true}]}}