{"id":23003,"date":"2026-01-27T16:05:31","date_gmt":"2026-01-27T16:05:31","guid":{"rendered":"https:\/\/alertasaltillo.com\/?p=23003"},"modified":"2026-01-27T16:05:33","modified_gmt":"2026-01-27T16:05:33","slug":"acerca-la-ruta-mas-recreativa-el-arte-urbano-a-todos-los-sectores-de-saltillo","status":"publish","type":"post","link":"https:\/\/alertasaltillo.com\/index.php\/2026\/01\/27\/acerca-la-ruta-mas-recreativa-el-arte-urbano-a-todos-los-sectores-de-saltillo\/","title":{"rendered":"ACERCA LA RUTA M\u00c1S RECREATIVA EL ARTE URBANO A TODOS LOS SECTORES DE SALTILLO"},"content":{"rendered":"\n<p><em>La \u00faltima edici\u00f3n se llev\u00f3 a cabo en la colonia La Fragua<\/em><\/p>\n\n\n\n<p>Saltillo, Coahuila de Zaragoza; 26 de enero de 2026.- Gracias al programa municipal \u201cRuta M\u00e1s Creativa\u201d, cientos de ciudadanas y ciudadanos han tenido la oportunidad de conocer de cerca el arte urbano de la mano de artistas saltillenses.<\/p>\n\n\n\n<p>Con el impulso y respaldo del alcalde Javier D\u00edaz Gonz\u00e1lez, a la fecha se han realizado 19 ediciones en distintas colonias y espacios rehabilitados del programa \u201cActiva Tu Parque\u201d, como Mirasierra, Saltillo 2000, Roma, Brisas Poniente y La Fragua.<\/p>\n\n\n\n<p>Adem\u00e1s, se ha llevado a cabo en espacios del Centro Hist\u00f3rico como la Plaza Nueva Tlaxcala, la Alameda de Zaragoza y Paseo Capital, as\u00ed como en eventos como el 15 Aniversario de la Ruta Recreativa y el Festival Saltillo Electr\u00f3nico, dentro del FINA 2025.<\/p>\n\n\n\n<p>Con la Ruta M\u00e1s Creativa, la ciudadan\u00eda en general tiene la oportunidad de presenciar c\u00f3mo artistas locales intervienen lienzos desde cero, as\u00ed como conocer todo el proceso creativo que ello conlleva.<\/p>\n\n\n\n<p>En este sentido, han participado alrededor de 40 artistas urbanos, entre ellos Ineer, Dasy, Kabo, Doser, Koter, Ang, Phase, Nare, Sonem, Herok, Bear, Shek, Huck, Flak, Icone, Sekon, Beta, Freak, Pher, Pear, entre otros.<\/p>\n\n\n\n<p>Asimismo, ni\u00f1as y ni\u00f1os, en su mayor\u00eda, participan en la elaboraci\u00f3n de grafitis con su nombre en hojas de m\u00e1quina, adem\u00e1s de conocer diferentes t\u00e9cnicas para realizarlo por s\u00ed mismos.<\/p>\n\n\n\n<p>Tambi\u00e9n se ha contado con la participaci\u00f3n de artistas musicales de rap, trap y reggaet\u00f3n como Bizor, XVII, MZ, Tanta Tinta, Pat Galo, Kratoz Aborixen, Pacnash y Antwan, entre otros.<\/p>\n\n\n\n<p>Adem\u00e1s, se ha sumado la participaci\u00f3n de artistas de la improvisaci\u00f3n (freestyle) como Kratos, Eren, Haze, DR, Solar, CJ y Hakko, entre otros.<\/p>\n\n\n\n<p>La \u00faltima edici\u00f3n de la Ruta M\u00e1s Creativa se llev\u00f3 a cabo en la Plaza El Minero, ubicada en la colonia La Fragua, al norponiente de la ciudad.<\/p>\n\n\n\n<p>El Instituto Municipal de Cultura invit\u00f3 a la ciudadan\u00eda a mantenerse atenta a las carteleras mensuales disponibles en sus redes sociales para conocer las pr\u00f3ximas ediciones de este programa y asistir en familia.<\/p>\n\n\n\n<p><\/p>\n","protected":false},"excerpt":{"rendered":"<p>La \u00faltima edici\u00f3n se llev\u00f3 a cabo en la colonia La Fragua Saltillo, Coahuila de Zaragoza; 26 de enero de 2026.- Gracias al programa municipal \u201cRuta M\u00e1s Creativa\u201d, cientos de ciudadanas y ciudadanos han tenido la oportunidad de conocer de cerca el arte urbano de la mano de artistas saltillenses. Con el impulso y respaldo [&hellip;]<\/p>\n","protected":false},"author":4,"featured_media":23004,"comment_status":"open","ping_status":"open","sticky":false,"template":"","format":"standard","meta":[],"categories":[5],"tags":[],"_links":{"self":[{"href":"https:\/\/alertasaltillo.com\/index.php\/wp-json\/wp\/v2\/posts\/23003"}],"collection":[{"href":"https:\/\/alertasaltillo.com\/index.php\/wp-json\/wp\/v2\/posts"}],"about":[{"href":"https:\/\/alertasaltillo.com\/index.php\/wp-json\/wp\/v2\/types\/post"}],"author":[{"embeddable":true,"href":"https:\/\/alertasaltillo.com\/index.php\/wp-json\/wp\/v2\/users\/4"}],"replies":[{"embeddable":true,"href":"https:\/\/alertasaltillo.com\/index.php\/wp-json\/wp\/v2\/comments?post=23003"}],"version-history":[{"count":1,"href":"https:\/\/alertasaltillo.com\/index.php\/wp-json\/wp\/v2\/posts\/23003\/revisions"}],"predecessor-version":[{"id":23005,"href":"https:\/\/alertasaltillo.com\/index.php\/wp-json\/wp\/v2\/posts\/23003\/revisions\/23005"}],"wp:featuredmedia":[{"embeddable":true,"href":"https:\/\/alertasaltillo.com\/index.php\/wp-json\/wp\/v2\/media\/23004"}],"wp:attachment":[{"href":"https:\/\/alertasaltillo.com\/index.php\/wp-json\/wp\/v2\/media?parent=23003"}],"wp:term":[{"taxonomy":"category","embeddable":true,"href":"https:\/\/alertasaltillo.com\/index.php\/wp-json\/wp\/v2\/categories?post=23003"},{"taxonomy":"post_tag","embeddable":true,"href":"https:\/\/alertasaltillo.com\/index.php\/wp-json\/wp\/v2\/tags?post=23003"}],"curies":[{"name":"wp","href":"https:\/\/api.w.org\/{rel}","templated":true}]}}