{"id":22938,"date":"2026-01-23T23:15:04","date_gmt":"2026-01-23T23:15:04","guid":{"rendered":"https:\/\/alertasaltillo.com\/?p=22938"},"modified":"2026-01-23T23:15:07","modified_gmt":"2026-01-23T23:15:07","slug":"sedu-invita-a-preinscribir-a-ninas-y-ninos-de-educacion-inicial-y-preescolar","status":"publish","type":"post","link":"https:\/\/alertasaltillo.com\/index.php\/2026\/01\/23\/sedu-invita-a-preinscribir-a-ninas-y-ninos-de-educacion-inicial-y-preescolar\/","title":{"rendered":"SEDU INVITA A PREINSCRIBIR A NI\u00d1AS Y NI\u00d1OS DE EDUCACI\u00d3N INICIAL Y PREESCOLAR"},"content":{"rendered":"\n<p>Saltillo, Coahuila de Zaragoza; 23 de enero de 2026.- La Secretar\u00eda de Educaci\u00f3n de Coahuila (SEDU) convoc\u00f3 a madres, padres y tutores a realizar la preinscripci\u00f3n de ni\u00f1as y ni\u00f1os de Educaci\u00f3n Inicial y Preescolar para el ciclo escolar 2026\u20132027, proceso que se llevar\u00e1 a cabo del 26 de enero al 6 de febrero.<\/p>\n\n\n\n<p>Al se\u00f1alar que el Jard\u00edn de Ni\u00f1os es una etapa fundamental para el desarrollo neuronal, social y emocional, la directora general de Educaci\u00f3n Preescolar, Alina Lorena Arreola Gonz\u00e1lez, destac\u00f3 la importancia de que las familias participen desde el inicio en la formaci\u00f3n educativa de sus hijas e hijos.<\/p>\n\n\n\n<p>La funcionaria explic\u00f3 que, entre los 2.7 y los 6 a\u00f1os de edad, las ni\u00f1as y los ni\u00f1os fortalecen su lenguaje, desarrollan habilidades sociales y emocionales, aprenden a convivir y a respetar la diversidad, adem\u00e1s de adquirir h\u00e1bitos positivos que les permiten integrarse a su entorno.<\/p>\n\n\n\n<p>Indic\u00f3 que durante esta etapa tambi\u00e9n se estimula la creatividad y la imaginaci\u00f3n a trav\u00e9s de actividades l\u00fadicas, como la escucha de cuentos e historias, y se inician en el desarrollo de habilidades l\u00f3gico-matem\u00e1ticas mediante el juego con n\u00fameros, figuras y distintos espacios, en ambientes seguros y afectivos.<\/p>\n\n\n\n<p>Finalmente, la Secretar\u00eda de Educaci\u00f3n reiter\u00f3 el llamado a las familias coahuilenses a realizar la preinscripci\u00f3n en tiempo y forma, y refrend\u00f3 su compromiso de brindar una educaci\u00f3n inicial de calidad, incluyente y cercana, al considerar que invertir en la primera infancia es clave para el desarrollo presente y futuro de Coahuila.<\/p>\n\n\n\n<p><\/p>\n","protected":false},"excerpt":{"rendered":"<p>Saltillo, Coahuila de Zaragoza; 23 de enero de 2026.- La Secretar\u00eda de Educaci\u00f3n de Coahuila (SEDU) convoc\u00f3 a madres, padres y tutores a realizar la preinscripci\u00f3n de ni\u00f1as y ni\u00f1os de Educaci\u00f3n Inicial y Preescolar para el ciclo escolar 2026\u20132027, proceso que se llevar\u00e1 a cabo del 26 de enero al 6 de febrero. Al [&hellip;]<\/p>\n","protected":false},"author":4,"featured_media":22939,"comment_status":"open","ping_status":"open","sticky":false,"template":"","format":"standard","meta":[],"categories":[193],"tags":[],"_links":{"self":[{"href":"https:\/\/alertasaltillo.com\/index.php\/wp-json\/wp\/v2\/posts\/22938"}],"collection":[{"href":"https:\/\/alertasaltillo.com\/index.php\/wp-json\/wp\/v2\/posts"}],"about":[{"href":"https:\/\/alertasaltillo.com\/index.php\/wp-json\/wp\/v2\/types\/post"}],"author":[{"embeddable":true,"href":"https:\/\/alertasaltillo.com\/index.php\/wp-json\/wp\/v2\/users\/4"}],"replies":[{"embeddable":true,"href":"https:\/\/alertasaltillo.com\/index.php\/wp-json\/wp\/v2\/comments?post=22938"}],"version-history":[{"count":1,"href":"https:\/\/alertasaltillo.com\/index.php\/wp-json\/wp\/v2\/posts\/22938\/revisions"}],"predecessor-version":[{"id":22940,"href":"https:\/\/alertasaltillo.com\/index.php\/wp-json\/wp\/v2\/posts\/22938\/revisions\/22940"}],"wp:featuredmedia":[{"embeddable":true,"href":"https:\/\/alertasaltillo.com\/index.php\/wp-json\/wp\/v2\/media\/22939"}],"wp:attachment":[{"href":"https:\/\/alertasaltillo.com\/index.php\/wp-json\/wp\/v2\/media?parent=22938"}],"wp:term":[{"taxonomy":"category","embeddable":true,"href":"https:\/\/alertasaltillo.com\/index.php\/wp-json\/wp\/v2\/categories?post=22938"},{"taxonomy":"post_tag","embeddable":true,"href":"https:\/\/alertasaltillo.com\/index.php\/wp-json\/wp\/v2\/tags?post=22938"}],"curies":[{"name":"wp","href":"https:\/\/api.w.org\/{rel}","templated":true}]}}