{"id":22935,"date":"2026-01-23T23:13:41","date_gmt":"2026-01-23T23:13:41","guid":{"rendered":"https:\/\/alertasaltillo.com\/?p=22935"},"modified":"2026-01-23T23:13:44","modified_gmt":"2026-01-23T23:13:44","slug":"javier-diaz-impulsa-la-cultura-al-interior-de-las-colonias-de-saltillo","status":"publish","type":"post","link":"https:\/\/alertasaltillo.com\/index.php\/2026\/01\/23\/javier-diaz-impulsa-la-cultura-al-interior-de-las-colonias-de-saltillo\/","title":{"rendered":"JAVIER D\u00cdAZ IMPULSA LA CULTURA AL INTERIOR DE LAS COLONIAS DE SALTILLO"},"content":{"rendered":"\n<p><em>Se llev\u00f3 a cabo una exposici\u00f3n de artes visuales en la colonia Omega<\/em><\/p>\n\n\n\n<p>Saltillo, Coahuila de Zaragoza; 23 de enero de 2026.- Como parte del compromiso del alcalde Javier D\u00edaz Gonz\u00e1lez de acercar la cultura al interior de las colonias, se llev\u00f3 a cabo la exposici\u00f3n de pinturas \u201cLa Forja\u201d en el centro comunitario de la colonia Omega.<\/p>\n\n\n\n<p>Se trata de piezas elaboradas por ciudadanos de todas las edades que participaron en el curso de artes visuales impartido por la maestra Magda D\u00e1vila, a trav\u00e9s del Instituto Municipal de Cultura.<\/p>\n\n\n\n<p>Leticia Rodarte Rangel, directora de la dependencia, mencion\u00f3 que, por instrucciones del alcalde Javier D\u00edaz Gonz\u00e1lez, se trabaja de manera permanente para llevar este tipo de actividades a todos los sectores de Saltillo.<\/p>\n\n\n\n<p>\u201cEl objetivo principal es brindar oportunidades para el desarrollo de las diferentes manifestaciones art\u00edsticas y que las y los saltillenses de todas las edades puedan participar en cursos como este de artes visuales\u201d, dijo.<\/p>\n\n\n\n<p>La exposici\u00f3n de pinturas \u201cLa Forja\u201d se realiz\u00f3 con influencia en el trabajo del artista Vincent van Gogh.<\/p>\n\n\n\n<p>La muestra permanecer\u00e1 vigente para que toda la comunidad pueda admirarla en el centro comunitario Omega, ubicado en la calle Alfa, entre Cuarta y Segunda, al poniente de la ciudad, de lunes a viernes en un horario de 9:00 a 13:00 horas y de 16:00 a 18:00 horas.<\/p>\n\n\n\n<p>Finalmente, Leticia Rodarte Rangel invit\u00f3 a la ciudadan\u00eda a mantenerse al tanto de las redes sociales del Instituto Municipal de Cultura para conocer las actividades, talleres y cursos vigentes.<\/p>\n\n\n\n<p><\/p>\n","protected":false},"excerpt":{"rendered":"<p>Se llev\u00f3 a cabo una exposici\u00f3n de artes visuales en la colonia Omega Saltillo, Coahuila de Zaragoza; 23 de enero de 2026.- Como parte del compromiso del alcalde Javier D\u00edaz Gonz\u00e1lez de acercar la cultura al interior de las colonias, se llev\u00f3 a cabo la exposici\u00f3n de pinturas \u201cLa Forja\u201d en el centro comunitario de [&hellip;]<\/p>\n","protected":false},"author":4,"featured_media":22936,"comment_status":"open","ping_status":"open","sticky":false,"template":"","format":"standard","meta":[],"categories":[201],"tags":[],"_links":{"self":[{"href":"https:\/\/alertasaltillo.com\/index.php\/wp-json\/wp\/v2\/posts\/22935"}],"collection":[{"href":"https:\/\/alertasaltillo.com\/index.php\/wp-json\/wp\/v2\/posts"}],"about":[{"href":"https:\/\/alertasaltillo.com\/index.php\/wp-json\/wp\/v2\/types\/post"}],"author":[{"embeddable":true,"href":"https:\/\/alertasaltillo.com\/index.php\/wp-json\/wp\/v2\/users\/4"}],"replies":[{"embeddable":true,"href":"https:\/\/alertasaltillo.com\/index.php\/wp-json\/wp\/v2\/comments?post=22935"}],"version-history":[{"count":1,"href":"https:\/\/alertasaltillo.com\/index.php\/wp-json\/wp\/v2\/posts\/22935\/revisions"}],"predecessor-version":[{"id":22937,"href":"https:\/\/alertasaltillo.com\/index.php\/wp-json\/wp\/v2\/posts\/22935\/revisions\/22937"}],"wp:featuredmedia":[{"embeddable":true,"href":"https:\/\/alertasaltillo.com\/index.php\/wp-json\/wp\/v2\/media\/22936"}],"wp:attachment":[{"href":"https:\/\/alertasaltillo.com\/index.php\/wp-json\/wp\/v2\/media?parent=22935"}],"wp:term":[{"taxonomy":"category","embeddable":true,"href":"https:\/\/alertasaltillo.com\/index.php\/wp-json\/wp\/v2\/categories?post=22935"},{"taxonomy":"post_tag","embeddable":true,"href":"https:\/\/alertasaltillo.com\/index.php\/wp-json\/wp\/v2\/tags?post=22935"}],"curies":[{"name":"wp","href":"https:\/\/api.w.org\/{rel}","templated":true}]}}