{"id":22932,"date":"2026-01-23T23:12:19","date_gmt":"2026-01-23T23:12:19","guid":{"rendered":"https:\/\/alertasaltillo.com\/?p=22932"},"modified":"2026-01-23T23:12:21","modified_gmt":"2026-01-23T23:12:21","slug":"ocesa-y-seguridad-lobo-fueron-imputadas-por-muerte-de-fotografos","status":"publish","type":"post","link":"https:\/\/alertasaltillo.com\/index.php\/2026\/01\/23\/ocesa-y-seguridad-lobo-fueron-imputadas-por-muerte-de-fotografos\/","title":{"rendered":"OCESA Y SEGURIDAD LOBO FUERON IMPUTADAS POR MUERTE DE FOT\u00d3GRAFOS"},"content":{"rendered":"\n<p>La defensa y familia de Berenice Giles aseguraron que la empresa&nbsp;<strong>Ocesa y Seguridad Privada Lobo<\/strong>&nbsp;ya est\u00e1n en calidad de imputadas por el delito de homicidio, por la muerte de los dos fot\u00f3grafos Miguel \u00c1ngel Rojas y Berenice Giles, durante el Festival Axe Ceremonia.<\/p>\n\n\n\n<p>A trav\u00e9s de un comunicado,&nbsp;<strong>la familia Giles y su representante legal informaron que el pasado 20 de enero se les notific\u00f3 de la imputaci\u00f3n a las dos empresas,&nbsp;<\/strong>por parte del ministerio p\u00fablico de la Fiscal\u00eda General de Justicia capitalina, Karina Granados Peralta.<\/p>\n\n\n\n<p><strong>Indicaron que la imputaci\u00f3n por el delito de homicidio se dio el 14 de enero pasado.<\/strong><\/p>\n\n\n\n<p>Cabe recordar que los familiares de Berenice Giles, hab\u00edan solicitado que la Fiscal\u00eda General de Justicia de la Ciudad de M\u00e9xico incluyera a Ocesa y Seguridad Privada Lobo en las imputaciones por la muerte de la fot\u00f3grafa, tras ser aplastada por una gr\u00faa durante el festival, el<strong>&nbsp;5 de abril de 2025,<\/strong>&nbsp;pero eso no hab\u00eda ocurrido, por lo que interpusieron amparos ante jueces federales.<\/p>\n\n\n\n<p>Con lo anterior, informaron, son cinco las empresas y ocho las personas f\u00edsicas imputadas por el caso Axe Ceremonia.<\/p>\n\n\n\n<p>A trav\u00e9s de un video en redes sociales, Ra\u00fal Giles, padre de Berenice, dijo que seguir\u00e1n buscando que todos los involucrados en la seguridad del festival donde su hija muri\u00f3, asuman su responsabilidad.<\/p>\n\n\n\n<p><strong><em>\u201cNo nos rendiremos, seguiremos en pie de lucha hasta lograr que todos y cada uno de los involucrados, ambos organizadores y responsables de la seguridad en el festival Axe Ceremonia 2025, asuman su responsabilidad moral y legal, por su participaci\u00f3n en el hecho que ocasion\u00f3 el tr\u00e1gico fallecimiento de mi hija Berenice\u201d,<\/em><\/strong>\u00a0asegur\u00f3.<\/p>\n\n\n\n<p>Con Informaci\u00f3n Tomada de EL DIARIO DE COAHUILA<\/p>\n","protected":false},"excerpt":{"rendered":"<p>La defensa y familia de Berenice Giles aseguraron que la empresa&nbsp;Ocesa y Seguridad Privada Lobo&nbsp;ya est\u00e1n en calidad de imputadas por el delito de homicidio, por la muerte de los dos fot\u00f3grafos Miguel \u00c1ngel Rojas y Berenice Giles, durante el Festival Axe Ceremonia. A trav\u00e9s de un comunicado,&nbsp;la familia Giles y su representante legal informaron [&hellip;]<\/p>\n","protected":false},"author":4,"featured_media":22933,"comment_status":"open","ping_status":"open","sticky":false,"template":"","format":"standard","meta":[],"categories":[185],"tags":[],"_links":{"self":[{"href":"https:\/\/alertasaltillo.com\/index.php\/wp-json\/wp\/v2\/posts\/22932"}],"collection":[{"href":"https:\/\/alertasaltillo.com\/index.php\/wp-json\/wp\/v2\/posts"}],"about":[{"href":"https:\/\/alertasaltillo.com\/index.php\/wp-json\/wp\/v2\/types\/post"}],"author":[{"embeddable":true,"href":"https:\/\/alertasaltillo.com\/index.php\/wp-json\/wp\/v2\/users\/4"}],"replies":[{"embeddable":true,"href":"https:\/\/alertasaltillo.com\/index.php\/wp-json\/wp\/v2\/comments?post=22932"}],"version-history":[{"count":1,"href":"https:\/\/alertasaltillo.com\/index.php\/wp-json\/wp\/v2\/posts\/22932\/revisions"}],"predecessor-version":[{"id":22934,"href":"https:\/\/alertasaltillo.com\/index.php\/wp-json\/wp\/v2\/posts\/22932\/revisions\/22934"}],"wp:featuredmedia":[{"embeddable":true,"href":"https:\/\/alertasaltillo.com\/index.php\/wp-json\/wp\/v2\/media\/22933"}],"wp:attachment":[{"href":"https:\/\/alertasaltillo.com\/index.php\/wp-json\/wp\/v2\/media?parent=22932"}],"wp:term":[{"taxonomy":"category","embeddable":true,"href":"https:\/\/alertasaltillo.com\/index.php\/wp-json\/wp\/v2\/categories?post=22932"},{"taxonomy":"post_tag","embeddable":true,"href":"https:\/\/alertasaltillo.com\/index.php\/wp-json\/wp\/v2\/tags?post=22932"}],"curies":[{"name":"wp","href":"https:\/\/api.w.org\/{rel}","templated":true}]}}