{"id":22911,"date":"2026-01-23T13:33:27","date_gmt":"2026-01-23T13:33:27","guid":{"rendered":"https:\/\/alertasaltillo.com\/?p=22911"},"modified":"2026-01-23T13:33:30","modified_gmt":"2026-01-23T13:33:30","slug":"habra-jornada-de-sensibilizacion-en-la-ruta-recreativa-por-dia-naranja","status":"publish","type":"post","link":"https:\/\/alertasaltillo.com\/index.php\/2026\/01\/23\/habra-jornada-de-sensibilizacion-en-la-ruta-recreativa-por-dia-naranja\/","title":{"rendered":"HABR\u00c1 JORNADA DE SENSIBILIZACI\u00d3N EN LA RUTA RECREATIVA POR D\u00cdA NARANJA"},"content":{"rendered":"\n<p><em>Se realizar\u00e1 en horario de 9:00 a 11:30 de la ma\u00f1ana<\/em><\/p>\n\n\n\n<p>Saltillo, Coahuila de Zaragoza; 22 de enero de 2026.- Este pr\u00f3ximo domingo 25 de enero se llevar\u00e1 a cabo en la Ruta Recreativa la jornada de sensibilizaci\u00f3n \u201c25, D\u00eda Naranja. El respeto construye entornos seguros\u201d, con el objetivo de visibilizar y concientizar sobre la violencia contra las mujeres y las ni\u00f1as.<\/p>\n\n\n\n<p>La jornada ser\u00e1 posible gracias al trabajo coordinado del Gobierno del Estado de Coahuila y el Gobierno Municipal de Saltillo, a trav\u00e9s de la Subsecretar\u00eda de Proximidad Social y el Instituto Municipal de las Mujeres.<\/p>\n\n\n\n<p>\u201cSer\u00e1 un espacio para sumar voluntades, promover el respeto, la igualdad y la construcci\u00f3n de entornos seguros para mujeres y ni\u00f1as\u201d, refiri\u00f3 Vanessa Fern\u00e1ndez Tonone, directora del Instituto Municipal de las Mujeres.<\/p>\n\n\n\n<p>Mencion\u00f3 que el evento se llevar\u00e1 a cabo en el marco del D\u00eda Naranja, que se conmemora el d\u00eda 25 de cada mes como una acci\u00f3n permanente de prevenci\u00f3n de la violencia.<\/p>\n\n\n\n<p>Aunque la fecha oficial internacional es el 25 de noviembre, esta estrategia impulsa acciones mensuales de concientizaci\u00f3n, y esta actividad se alinea con el objetivo de generar reflexi\u00f3n y promover entornos libres de violencia.<\/p>\n\n\n\n<p>La jornada de sensibilizaci\u00f3n se realizar\u00e1 en horario de 9:00 a 11:30 de la ma\u00f1ana, frente al Ateneo Fuente.<\/p>\n\n\n\n<p>Se contar\u00e1 con servicios gratuitos de orientaci\u00f3n jur\u00eddica, atenci\u00f3n psicol\u00f3gica, actividades de sensibilizaci\u00f3n y diversas din\u00e1micas para toda la ciudadan\u00eda que asista.<\/p>\n\n\n\n<p>\u201cSer\u00e1 un espacio de encuentro con la comunidad, donde a trav\u00e9s del di\u00e1logo y actividades informativas se reforzar\u00e1 la importancia del respeto, la prevenci\u00f3n y la participaci\u00f3n colectiva, recordando que la construcci\u00f3n de entornos seguros comienza con la suma de voluntades\u201d, refiri\u00f3 la directora del Instituto Municipal de las Mujeres.<\/p>\n\n\n\n<p><\/p>\n","protected":false},"excerpt":{"rendered":"<p>Se realizar\u00e1 en horario de 9:00 a 11:30 de la ma\u00f1ana Saltillo, Coahuila de Zaragoza; 22 de enero de 2026.- Este pr\u00f3ximo domingo 25 de enero se llevar\u00e1 a cabo en la Ruta Recreativa la jornada de sensibilizaci\u00f3n \u201c25, D\u00eda Naranja. El respeto construye entornos seguros\u201d, con el objetivo de visibilizar y concientizar sobre la [&hellip;]<\/p>\n","protected":false},"author":4,"featured_media":22912,"comment_status":"open","ping_status":"open","sticky":false,"template":"","format":"standard","meta":[],"categories":[5],"tags":[],"_links":{"self":[{"href":"https:\/\/alertasaltillo.com\/index.php\/wp-json\/wp\/v2\/posts\/22911"}],"collection":[{"href":"https:\/\/alertasaltillo.com\/index.php\/wp-json\/wp\/v2\/posts"}],"about":[{"href":"https:\/\/alertasaltillo.com\/index.php\/wp-json\/wp\/v2\/types\/post"}],"author":[{"embeddable":true,"href":"https:\/\/alertasaltillo.com\/index.php\/wp-json\/wp\/v2\/users\/4"}],"replies":[{"embeddable":true,"href":"https:\/\/alertasaltillo.com\/index.php\/wp-json\/wp\/v2\/comments?post=22911"}],"version-history":[{"count":1,"href":"https:\/\/alertasaltillo.com\/index.php\/wp-json\/wp\/v2\/posts\/22911\/revisions"}],"predecessor-version":[{"id":22913,"href":"https:\/\/alertasaltillo.com\/index.php\/wp-json\/wp\/v2\/posts\/22911\/revisions\/22913"}],"wp:featuredmedia":[{"embeddable":true,"href":"https:\/\/alertasaltillo.com\/index.php\/wp-json\/wp\/v2\/media\/22912"}],"wp:attachment":[{"href":"https:\/\/alertasaltillo.com\/index.php\/wp-json\/wp\/v2\/media?parent=22911"}],"wp:term":[{"taxonomy":"category","embeddable":true,"href":"https:\/\/alertasaltillo.com\/index.php\/wp-json\/wp\/v2\/categories?post=22911"},{"taxonomy":"post_tag","embeddable":true,"href":"https:\/\/alertasaltillo.com\/index.php\/wp-json\/wp\/v2\/tags?post=22911"}],"curies":[{"name":"wp","href":"https:\/\/api.w.org\/{rel}","templated":true}]}}