{"id":22905,"date":"2026-01-23T13:28:27","date_gmt":"2026-01-23T13:28:27","guid":{"rendered":"https:\/\/alertasaltillo.com\/?p=22905"},"modified":"2026-01-23T13:28:29","modified_gmt":"2026-01-23T13:28:29","slug":"protege-municipio-centro-historico-retira-publicidad-irregular","status":"publish","type":"post","link":"https:\/\/alertasaltillo.com\/index.php\/2026\/01\/23\/protege-municipio-centro-historico-retira-publicidad-irregular\/","title":{"rendered":"PROTEGE MUNICIPIO CENTRO HIST\u00d3RICO; RETIRA PUBLICIDAD IRREGULAR"},"content":{"rendered":"\n<p><\/p>\n\n\n\n<p><em>Gobierno de Saltillo garantiza el orden de los espacios p\u00fablicos<\/em><\/p>\n\n\n\n<p><em>Programa \u201cAqu\u00ed Andamos\u201d recupera \u00e1reas verdes de la ciudad<\/em><\/p>\n\n\n\n<p>Saltillo, Coahuila de Zaragoza; 22 de enero de 2026.- Con el objetivo de preservar la imagen del Centro Hist\u00f3rico, fortalecer la seguridad y garantizar el orden en los espacios p\u00fablicos, el Gobierno Municipal de Saltillo lleva a cabo acciones permanentes para retirar publicidad irregular colocada en la v\u00eda p\u00fablica.<\/p>\n\n\n\n<p>Por instrucci\u00f3n del alcalde Javier D\u00edaz Gonz\u00e1lez y con el impulso del gobernador Manolo Jim\u00e9nez Salinas, personal que integra el programa \u201cAqu\u00ed Andamos\u201d realiz\u00f3 acciones de limpieza del mobiliario urbano en las calles Narciso Mendoza y Manuel Acu\u00f1a, entre otras de la Zona Centro de la capital de Coahuila.<\/p>\n\n\n\n<p>En este sector, y a fin de mejorar la seguridad peatonal y vial, brigadas municipales eliminaron anuncios colocados sin autorizaci\u00f3n en postes p\u00fablicos y se\u00f1alamientos, los cuales pod\u00edan obstruir su visibilidad.<\/p>\n\n\n\n<p>\u201cEstas labores permiten proteger el entorno arquitect\u00f3nico e hist\u00f3rico del primer cuadro de Saltillo, adem\u00e1s de ayudar a mantener un centro ordenado, limpio y atractivo para habitantes, comerciantes y visitantes\u201d, asegur\u00f3 el alcalde Javier D\u00edaz Gonz\u00e1lez.<\/p>\n\n\n\n<p>Estas mismas acciones se han realizado en distintos tramos de calles como Guadalupe Victoria, Ignacio Allende, Juan Aldama, Xicot\u00e9ncatl y \u00c1lvaro Obreg\u00f3n, entre muchas m\u00e1s.<\/p>\n\n\n\n<p>Por su parte, Roberto Rojas Oyervides, director de Distrito Centro, mencion\u00f3 que al retirar este tipo de publicidad irregular se busca garantizar el cumplimiento de la normatividad municipal vigente, promover la equidad entre los comercios y evitar la apropiaci\u00f3n indebida del espacio p\u00fablico mediante la colocaci\u00f3n de lonas, pendones o estructuras en postes, muros y mobiliario urbano.<\/p>\n\n\n\n<p>Estas acciones se suman a los trabajos realizados por personal municipal para mejorar la calidad de vida y continuar con el embellecimiento y preservaci\u00f3n del Centro Hist\u00f3rico, a trav\u00e9s de la rehabilitaci\u00f3n de fachadas de viviendas y comercios, banquetas, as\u00ed como el retiro de cableado en desuso y grafiti, entre otras labores.<\/p>\n\n\n\n<p>Recupera Saltillo m\u00e1s espacios p\u00fablicos<\/p>\n\n\n\n<p>Con el prop\u00f3sito de incrementar la seguridad y evitar riesgos a la salud de las y los saltillenses, el Gobierno Municipal intensific\u00f3 los trabajos de limpieza profunda y deshierbe en diversos callejones del fraccionamiento Mirasierra.<\/p>\n\n\n\n<p>En este sector del oriente de la ciudad, cuadrillas de la Direcci\u00f3n de Medio Ambiente y Desarrollo Sustentable eliminaron basura y desechos acumulados en los callejones ubicados sobre la calle 8, entre las vialidades 25 y 27, as\u00ed como entre la calle 29 y el bulevar Mirasierra.<\/p>\n\n\n\n<p>El Gobierno de Saltillo exhorta a la ciudadan\u00eda a evitar tirar basura y desechos en la v\u00eda p\u00fablica, con el objetivo de mejorar la salud y la convivencia comunitaria.<\/p>\n\n\n\n<p>Asimismo, brigadas del Vivero Municipal de Saltillo atendieron el arbolado ubicado sobre el camell\u00f3n central del bulevar Antonio C\u00e1rdenas, en el tramo comprendido entre el bulevar Felipe J. Mery y el perif\u00e9rico Luis Echeverr\u00eda \u00c1lvarez.<\/p>\n\n\n\n<p>A fin de mejorar el entorno e impulsar el cuidado del medio ambiente, el Ayuntamiento de Saltillo ha realizado acciones similares de atenci\u00f3n al arbolado y a las plantas de ornato en los camellones centrales de avenidas como Jes\u00fas Vald\u00e9s S\u00e1nchez, Jos\u00e9 Musa de Le\u00f3n, Emilio Arizpe de la Maza y Venustiano Carranza, entre muchas m\u00e1s.<\/p>\n\n\n\n<p>El alcalde Javier D\u00edaz Gonz\u00e1lez pone a disposici\u00f3n de la ciudadan\u00eda el n\u00famero del asistente virtual \u201cSaltillo F\u00e1cil\u201d, al 844-160-08-08, para reportar cualquier servicio p\u00fablico en la ciudad.<\/p>\n","protected":false},"excerpt":{"rendered":"<p>Gobierno de Saltillo garantiza el orden de los espacios p\u00fablicos Programa \u201cAqu\u00ed Andamos\u201d recupera \u00e1reas verdes de la ciudad Saltillo, Coahuila de Zaragoza; 22 de enero de 2026.- Con el objetivo de preservar la imagen del Centro Hist\u00f3rico, fortalecer la seguridad y garantizar el orden en los espacios p\u00fablicos, el Gobierno Municipal de Saltillo lleva [&hellip;]<\/p>\n","protected":false},"author":4,"featured_media":22906,"comment_status":"open","ping_status":"open","sticky":false,"template":"","format":"standard","meta":[],"categories":[5],"tags":[],"_links":{"self":[{"href":"https:\/\/alertasaltillo.com\/index.php\/wp-json\/wp\/v2\/posts\/22905"}],"collection":[{"href":"https:\/\/alertasaltillo.com\/index.php\/wp-json\/wp\/v2\/posts"}],"about":[{"href":"https:\/\/alertasaltillo.com\/index.php\/wp-json\/wp\/v2\/types\/post"}],"author":[{"embeddable":true,"href":"https:\/\/alertasaltillo.com\/index.php\/wp-json\/wp\/v2\/users\/4"}],"replies":[{"embeddable":true,"href":"https:\/\/alertasaltillo.com\/index.php\/wp-json\/wp\/v2\/comments?post=22905"}],"version-history":[{"count":1,"href":"https:\/\/alertasaltillo.com\/index.php\/wp-json\/wp\/v2\/posts\/22905\/revisions"}],"predecessor-version":[{"id":22907,"href":"https:\/\/alertasaltillo.com\/index.php\/wp-json\/wp\/v2\/posts\/22905\/revisions\/22907"}],"wp:featuredmedia":[{"embeddable":true,"href":"https:\/\/alertasaltillo.com\/index.php\/wp-json\/wp\/v2\/media\/22906"}],"wp:attachment":[{"href":"https:\/\/alertasaltillo.com\/index.php\/wp-json\/wp\/v2\/media?parent=22905"}],"wp:term":[{"taxonomy":"category","embeddable":true,"href":"https:\/\/alertasaltillo.com\/index.php\/wp-json\/wp\/v2\/categories?post=22905"},{"taxonomy":"post_tag","embeddable":true,"href":"https:\/\/alertasaltillo.com\/index.php\/wp-json\/wp\/v2\/tags?post=22905"}],"curies":[{"name":"wp","href":"https:\/\/api.w.org\/{rel}","templated":true}]}}