{"id":22899,"date":"2026-01-22T20:34:20","date_gmt":"2026-01-22T20:34:20","guid":{"rendered":"https:\/\/alertasaltillo.com\/?p=22899"},"modified":"2026-01-22T20:34:22","modified_gmt":"2026-01-22T20:34:22","slug":"revelan-video-de-enfermera-golpeando-a-una-bebe-de-5-dias-le-causo-discapacidad-fisica-y-mental","status":"publish","type":"post","link":"https:\/\/alertasaltillo.com\/index.php\/2026\/01\/22\/revelan-video-de-enfermera-golpeando-a-una-bebe-de-5-dias-le-causo-discapacidad-fisica-y-mental\/","title":{"rendered":"REVELAN VIDEO DE ENFERMERA GOLPEANDO A UNA BEB\u00c9 DE 5 D\u00cdAS, LE CAUS\u00d3 DISCAPACIDAD FISICA Y MENTAL"},"content":{"rendered":"\n<p>Seg\u00fan la familia, el maltrato fue ocultado deliberadamente por las autoridades del hospital, que trasladaron a la reci\u00e9n nacida a un centro privado tras ver las lesiones en el cuerpo de la menor<\/p>\n\n\n\n<p>Han salido a la luz im\u00e1genes de una<strong>&nbsp;c\u00e1mara de seguridad<\/strong>&nbsp;que document\u00f3 la&nbsp;<strong>violencia<\/strong>&nbsp;ejercida por una<strong>&nbsp;enfermera<\/strong>&nbsp;un caso que ha generado profunda indignaci\u00f3n p\u00fablica. Las grabaciones muestran el maltrato sufrido a la beb\u00e9 Deniz Esin Bozoklar cuando ten\u00eda apenas cinco d\u00edas de nacida,&nbsp;<strong>agresiones<\/strong>&nbsp;que le provocaron<strong>&nbsp;discapacidades f\u00edsicas y mentales<\/strong>&nbsp;permanentes.<\/p>\n\n\n\n<p>Deniz Esin naci\u00f3 el 21 de mayo de 2021 en un&nbsp;Hospital de Formaci\u00f3n e Investigaci\u00f3n&nbsp;en la ciudad turca de Kahramanmaras. Debido a su bajo peso al nacer, fue ingresada en una incubadora en la unidad de&nbsp;<strong>neonatolog\u00eda<\/strong>. Durante varios d\u00edas permaneci\u00f3 bajo observaci\u00f3n m\u00e9dica sin que se informara a sus padres de ninguna anomal\u00eda grave. Sin embargo, el 31 de mayo de 2021, una enfermera detect\u00f3 que la<strong>&nbsp;beb\u00e9<\/strong>&nbsp;estaba inusualmente&nbsp;<strong>inm\u00f3vil&nbsp;<\/strong>y presentaba hinchaz\u00f3n en la pierna izquierda mientras se intentaba colocar una v\u00eda intravenosa. Tras informar a la administraci\u00f3n del hospital, Deniz Esin fue<strong>&nbsp;examinada de urgencia<\/strong>&nbsp;y se confirm\u00f3 que ten\u00eda la<strong>&nbsp;pierna rota<\/strong>.<\/p>\n\n\n\n<p>Ante la gravedad del hallazgo, se revisaron\u00a0las grabaciones de las c\u00e1maras de seguridad. En dichas im\u00e1genes se observa a la enfermera Hazel Dirik B. golpeando repetidamente a la beb\u00e9 en la cabeza, apret\u00e1ndole con fuerza la pierna y manipul\u00e1ndola de manera violenta durante un procedimiento de extracci\u00f3n de sangre que se prolong\u00f3 durante 14 minutos, estudio de an\u00e1lisis que le practic\u00f3 el 26 de mayo de 2021. En un momento clave, la\u00a0<strong>beb\u00e9<\/strong>, que se mov\u00eda con normalidad, queda repentinamente inm\u00f3vil.<\/p>\n\n\n\n<p>Con Informaci\u00f3n Tomada de EL HERALDO DE M\u00c9XICO<\/p>\n","protected":false},"excerpt":{"rendered":"<p>Seg\u00fan la familia, el maltrato fue ocultado deliberadamente por las autoridades del hospital, que trasladaron a la reci\u00e9n nacida a un centro privado tras ver las lesiones en el cuerpo de la menor Han salido a la luz im\u00e1genes de una&nbsp;c\u00e1mara de seguridad&nbsp;que document\u00f3 la&nbsp;violencia&nbsp;ejercida por una&nbsp;enfermera&nbsp;un caso que ha generado profunda indignaci\u00f3n p\u00fablica. Las [&hellip;]<\/p>\n","protected":false},"author":4,"featured_media":22900,"comment_status":"open","ping_status":"open","sticky":false,"template":"","format":"standard","meta":[],"categories":[8],"tags":[],"_links":{"self":[{"href":"https:\/\/alertasaltillo.com\/index.php\/wp-json\/wp\/v2\/posts\/22899"}],"collection":[{"href":"https:\/\/alertasaltillo.com\/index.php\/wp-json\/wp\/v2\/posts"}],"about":[{"href":"https:\/\/alertasaltillo.com\/index.php\/wp-json\/wp\/v2\/types\/post"}],"author":[{"embeddable":true,"href":"https:\/\/alertasaltillo.com\/index.php\/wp-json\/wp\/v2\/users\/4"}],"replies":[{"embeddable":true,"href":"https:\/\/alertasaltillo.com\/index.php\/wp-json\/wp\/v2\/comments?post=22899"}],"version-history":[{"count":1,"href":"https:\/\/alertasaltillo.com\/index.php\/wp-json\/wp\/v2\/posts\/22899\/revisions"}],"predecessor-version":[{"id":22901,"href":"https:\/\/alertasaltillo.com\/index.php\/wp-json\/wp\/v2\/posts\/22899\/revisions\/22901"}],"wp:featuredmedia":[{"embeddable":true,"href":"https:\/\/alertasaltillo.com\/index.php\/wp-json\/wp\/v2\/media\/22900"}],"wp:attachment":[{"href":"https:\/\/alertasaltillo.com\/index.php\/wp-json\/wp\/v2\/media?parent=22899"}],"wp:term":[{"taxonomy":"category","embeddable":true,"href":"https:\/\/alertasaltillo.com\/index.php\/wp-json\/wp\/v2\/categories?post=22899"},{"taxonomy":"post_tag","embeddable":true,"href":"https:\/\/alertasaltillo.com\/index.php\/wp-json\/wp\/v2\/tags?post=22899"}],"curies":[{"name":"wp","href":"https:\/\/api.w.org\/{rel}","templated":true}]}}