{"id":22893,"date":"2026-01-22T20:12:10","date_gmt":"2026-01-22T20:12:10","guid":{"rendered":"https:\/\/alertasaltillo.com\/?p=22893"},"modified":"2026-01-22T20:12:12","modified_gmt":"2026-01-22T20:12:12","slug":"dormita-al-volante-y-provoca-choque-con-volcadura","status":"publish","type":"post","link":"https:\/\/alertasaltillo.com\/index.php\/2026\/01\/22\/dormita-al-volante-y-provoca-choque-con-volcadura\/","title":{"rendered":"DORMITA AL VOLANTE Y PROVOCA CHOQUE CON VOLCADURA"},"content":{"rendered":"\n<h2>Pierde conductor el control de su auto tras dormitar; no hubo personas lesionadas, solo da\u00f1os materiales<\/h2>\n\n\n\n<p>Un accidente vial&nbsp;<strong>se registr\u00f3 en el bulevar Morelos<\/strong>, a la altura de las oficinas de Protecci\u00f3n Civil, cuando&nbsp;<strong>el conductor de un veh\u00edculo Volkswagen Vento&nbsp;<\/strong>color arena perdi\u00f3 el control de la unidad tras quedarse dormido al volante.<\/p>\n\n\n\n<p>De acuerdo con la informaci\u00f3n recabada, el autom\u00f3vil circulaba con direcci\u00f3n hacia el norte de la ciudad cuando se subi\u00f3 al camell\u00f3n central e impact\u00f3 contra un \u00e1rbol, lo que provoc\u00f3 que el veh\u00edculo volcara y quedara ladeado sobre la v\u00eda, la ma\u00f1ana de este mi\u00e9rcoles.<\/p>\n\n\n\n<p>En ese momento,\u00a0<strong>un veh\u00edculo Kia que avanzaba por el mismo carril no logr\u00f3 frenar<\/strong>, ya que el impacto ocurri\u00f3 de manera inmediata durante la volcadura del Vento, por lo que termin\u00f3 golpeando la unidad accidentada, resultando con da\u00f1os principalmente en la parte frontal izquierda.<\/p>\n\n\n\n<p>Autoridades acudieron al sitio para atender el percance y realizar el peritaje correspondiente. No se reportaron personas lesionadas, \u00fanicamente da\u00f1os materiales en ambos veh\u00edculos.<\/p>\n\n\n\n<p>Con Informaci\u00f3n Tomada de EL DIARIO DE COAHUILA<\/p>\n","protected":false},"excerpt":{"rendered":"<p>Pierde conductor el control de su auto tras dormitar; no hubo personas lesionadas, solo da\u00f1os materiales Un accidente vial&nbsp;se registr\u00f3 en el bulevar Morelos, a la altura de las oficinas de Protecci\u00f3n Civil, cuando&nbsp;el conductor de un veh\u00edculo Volkswagen Vento&nbsp;color arena perdi\u00f3 el control de la unidad tras quedarse dormido al volante. De acuerdo con [&hellip;]<\/p>\n","protected":false},"author":4,"featured_media":22894,"comment_status":"open","ping_status":"open","sticky":false,"template":"","format":"standard","meta":[],"categories":[199],"tags":[],"_links":{"self":[{"href":"https:\/\/alertasaltillo.com\/index.php\/wp-json\/wp\/v2\/posts\/22893"}],"collection":[{"href":"https:\/\/alertasaltillo.com\/index.php\/wp-json\/wp\/v2\/posts"}],"about":[{"href":"https:\/\/alertasaltillo.com\/index.php\/wp-json\/wp\/v2\/types\/post"}],"author":[{"embeddable":true,"href":"https:\/\/alertasaltillo.com\/index.php\/wp-json\/wp\/v2\/users\/4"}],"replies":[{"embeddable":true,"href":"https:\/\/alertasaltillo.com\/index.php\/wp-json\/wp\/v2\/comments?post=22893"}],"version-history":[{"count":1,"href":"https:\/\/alertasaltillo.com\/index.php\/wp-json\/wp\/v2\/posts\/22893\/revisions"}],"predecessor-version":[{"id":22895,"href":"https:\/\/alertasaltillo.com\/index.php\/wp-json\/wp\/v2\/posts\/22893\/revisions\/22895"}],"wp:featuredmedia":[{"embeddable":true,"href":"https:\/\/alertasaltillo.com\/index.php\/wp-json\/wp\/v2\/media\/22894"}],"wp:attachment":[{"href":"https:\/\/alertasaltillo.com\/index.php\/wp-json\/wp\/v2\/media?parent=22893"}],"wp:term":[{"taxonomy":"category","embeddable":true,"href":"https:\/\/alertasaltillo.com\/index.php\/wp-json\/wp\/v2\/categories?post=22893"},{"taxonomy":"post_tag","embeddable":true,"href":"https:\/\/alertasaltillo.com\/index.php\/wp-json\/wp\/v2\/tags?post=22893"}],"curies":[{"name":"wp","href":"https:\/\/api.w.org\/{rel}","templated":true}]}}