{"id":22884,"date":"2026-01-22T15:50:24","date_gmt":"2026-01-22T15:50:24","guid":{"rendered":"https:\/\/alertasaltillo.com\/?p=22884"},"modified":"2026-01-22T15:50:26","modified_gmt":"2026-01-22T15:50:26","slug":"choque-mortal-en-derramadero","status":"publish","type":"post","link":"https:\/\/alertasaltillo.com\/index.php\/2026\/01\/22\/choque-mortal-en-derramadero\/","title":{"rendered":"CHOQUE MORTAL EN DERRAMADERO"},"content":{"rendered":"\n<h2>Un impacto frontal entre 2 unidades pesadas en la zona industrial deja a un trabajador sin vida; el conductor del tr\u00e1iler involucrado abandona la escena<\/h2>\n\n\n\n<p><\/p>\n\n\n\n<p>La tarde cay\u00f3 con sirenas y asfalto marcado por la tragedia en la carretera a Derramadero.<strong>&nbsp;A las 17:39 horas se tuvo conocimiento de un choque frontal entre dos unidades pesadas sobre la carretera estatal 105, a la altura del kil\u00f3metro 1+200, frente a la empresa Stellantis, en la zona industrial de Derramadero.<\/strong><\/p>\n\n\n\n<p><strong>Las primeras indagatorias se\u00f1alan que Fernando N, de 44 a\u00f1os de edad, quien conduc\u00eda un cami\u00f3n recolector de residuos Kenworth, propiedad de la empresa GEN, con placas 338AU6, circulaba de poniente a oriente cuando fue impactado de frente por un tractocami\u00f3n Freightliner, unidad 21, con placas 343EN8, que transitaba en sentido contrario.<\/strong><\/p>\n\n\n\n<p>La fuerza del impacto provoc\u00f3 que trabajador de la empresa GEN saliera proyectado de la cabina, quedando tendido a un costado de la vialidad y posteriormente atrapado debajo del tractocami\u00f3n, en posici\u00f3n dec\u00fabito ventral. A simple vista presentaba excoriaciones en el abdomen y en la pierna izquierda, as\u00ed como fluido hem\u00e1tico en rostro y cabeza, lesiones que le provocaron heridas de extrema gravedad.<\/p>\n\n\n\n<p><strong>La v\u00edctima vest\u00eda pantal\u00f3n de mezclilla azul, camisa verde, sudadera negra, chaleco negro con naranja y calzado color caf\u00e9 con la leyenda \u201cDuramax\u201d.<\/strong>&nbsp;Fue identificada en el lugar por su cu\u00f1ado, Rafael N.<\/p>\n\n\n\n<p>El hoy occiso ten\u00eda su domicilio en la colonia Portal del Pedregal, en Saltillo.<\/p>\n\n\n\n<p>Con Informaci\u00f3n Tomada de EL DIARIO DE COAHUILA<\/p>\n","protected":false},"excerpt":{"rendered":"<p>Un impacto frontal entre 2 unidades pesadas en la zona industrial deja a un trabajador sin vida; el conductor del tr\u00e1iler involucrado abandona la escena La tarde cay\u00f3 con sirenas y asfalto marcado por la tragedia en la carretera a Derramadero.&nbsp;A las 17:39 horas se tuvo conocimiento de un choque frontal entre dos unidades pesadas [&hellip;]<\/p>\n","protected":false},"author":4,"featured_media":22885,"comment_status":"open","ping_status":"open","sticky":false,"template":"","format":"standard","meta":[],"categories":[199],"tags":[],"_links":{"self":[{"href":"https:\/\/alertasaltillo.com\/index.php\/wp-json\/wp\/v2\/posts\/22884"}],"collection":[{"href":"https:\/\/alertasaltillo.com\/index.php\/wp-json\/wp\/v2\/posts"}],"about":[{"href":"https:\/\/alertasaltillo.com\/index.php\/wp-json\/wp\/v2\/types\/post"}],"author":[{"embeddable":true,"href":"https:\/\/alertasaltillo.com\/index.php\/wp-json\/wp\/v2\/users\/4"}],"replies":[{"embeddable":true,"href":"https:\/\/alertasaltillo.com\/index.php\/wp-json\/wp\/v2\/comments?post=22884"}],"version-history":[{"count":1,"href":"https:\/\/alertasaltillo.com\/index.php\/wp-json\/wp\/v2\/posts\/22884\/revisions"}],"predecessor-version":[{"id":22886,"href":"https:\/\/alertasaltillo.com\/index.php\/wp-json\/wp\/v2\/posts\/22884\/revisions\/22886"}],"wp:featuredmedia":[{"embeddable":true,"href":"https:\/\/alertasaltillo.com\/index.php\/wp-json\/wp\/v2\/media\/22885"}],"wp:attachment":[{"href":"https:\/\/alertasaltillo.com\/index.php\/wp-json\/wp\/v2\/media?parent=22884"}],"wp:term":[{"taxonomy":"category","embeddable":true,"href":"https:\/\/alertasaltillo.com\/index.php\/wp-json\/wp\/v2\/categories?post=22884"},{"taxonomy":"post_tag","embeddable":true,"href":"https:\/\/alertasaltillo.com\/index.php\/wp-json\/wp\/v2\/tags?post=22884"}],"curies":[{"name":"wp","href":"https:\/\/api.w.org\/{rel}","templated":true}]}}