{"id":22878,"date":"2026-01-22T15:44:41","date_gmt":"2026-01-22T15:44:41","guid":{"rendered":"https:\/\/alertasaltillo.com\/?p=22878"},"modified":"2026-01-22T15:44:46","modified_gmt":"2026-01-22T15:44:46","slug":"enfermero-del-issste-violo-a-su-hijastra-durante-seis-anos-en-saltillo","status":"publish","type":"post","link":"https:\/\/alertasaltillo.com\/index.php\/2026\/01\/22\/enfermero-del-issste-violo-a-su-hijastra-durante-seis-anos-en-saltillo\/","title":{"rendered":"ENFERMERO DEL ISSSTE VIOL\u00d3 A SU HIJASTRA DURANTE SEIS A\u00d1OS, EN SALTILLO"},"content":{"rendered":"\n<p><\/p>\n\n\n\n<h2>La viol\u00f3 desde que ten\u00eda seis a\u00f1os; el delito fue descubierto luego de que la menor sufri\u00f3 un aborto<\/h2>\n\n\n\n<p>Un enfermero del Instituto de seguridad social para trabajadores del Estado, (ISSSTE) fue presentado ante un juez de control luego de haber sido se\u00f1alado de\u00a0<strong><a href=\"https:\/\/vanguardia.com.mx\/noticias\/mexico\/vecino-es-vinculado-a-proceso-tras-violacion-e-intento-de-feminicidio-a-menor-de-edad-en-guanajuato-HK19024452\">violar\u00a0<\/a><\/strong>a su hijastra por m\u00e1s de seis a\u00f1os.<\/p>\n\n\n\n<p>El acusado identificado como Erick N. fue llevado con fuertes medidas de seguridad a la sala n\u00famero nueve del centro de justicia penal.<\/p>\n\n\n\n<p>Aprovechaba que su pareja se ausentaba o acud\u00eda a su trabajo para causarle da\u00f1o. Todo se\u00a0<strong>descubri\u00f3 cuando la menor cumpli\u00f3 12 a\u00f1os, ya que solicit\u00f3 que fuera llevada a una cl\u00ednica despu\u00e9s de sufrir un aborto<\/strong>.<\/p>\n\n\n\n<p>Con Informaci\u00f3n Tomada de VANGUARDIA<\/p>\n","protected":false},"excerpt":{"rendered":"<p>La viol\u00f3 desde que ten\u00eda seis a\u00f1os; el delito fue descubierto luego de que la menor sufri\u00f3 un aborto Un enfermero del Instituto de seguridad social para trabajadores del Estado, (ISSSTE) fue presentado ante un juez de control luego de haber sido se\u00f1alado de\u00a0violar\u00a0a su hijastra por m\u00e1s de seis a\u00f1os. El acusado identificado como [&hellip;]<\/p>\n","protected":false},"author":4,"featured_media":22879,"comment_status":"open","ping_status":"open","sticky":false,"template":"","format":"standard","meta":[],"categories":[199],"tags":[],"_links":{"self":[{"href":"https:\/\/alertasaltillo.com\/index.php\/wp-json\/wp\/v2\/posts\/22878"}],"collection":[{"href":"https:\/\/alertasaltillo.com\/index.php\/wp-json\/wp\/v2\/posts"}],"about":[{"href":"https:\/\/alertasaltillo.com\/index.php\/wp-json\/wp\/v2\/types\/post"}],"author":[{"embeddable":true,"href":"https:\/\/alertasaltillo.com\/index.php\/wp-json\/wp\/v2\/users\/4"}],"replies":[{"embeddable":true,"href":"https:\/\/alertasaltillo.com\/index.php\/wp-json\/wp\/v2\/comments?post=22878"}],"version-history":[{"count":1,"href":"https:\/\/alertasaltillo.com\/index.php\/wp-json\/wp\/v2\/posts\/22878\/revisions"}],"predecessor-version":[{"id":22880,"href":"https:\/\/alertasaltillo.com\/index.php\/wp-json\/wp\/v2\/posts\/22878\/revisions\/22880"}],"wp:featuredmedia":[{"embeddable":true,"href":"https:\/\/alertasaltillo.com\/index.php\/wp-json\/wp\/v2\/media\/22879"}],"wp:attachment":[{"href":"https:\/\/alertasaltillo.com\/index.php\/wp-json\/wp\/v2\/media?parent=22878"}],"wp:term":[{"taxonomy":"category","embeddable":true,"href":"https:\/\/alertasaltillo.com\/index.php\/wp-json\/wp\/v2\/categories?post=22878"},{"taxonomy":"post_tag","embeddable":true,"href":"https:\/\/alertasaltillo.com\/index.php\/wp-json\/wp\/v2\/tags?post=22878"}],"curies":[{"name":"wp","href":"https:\/\/api.w.org\/{rel}","templated":true}]}}