{"id":22872,"date":"2026-01-22T15:31:23","date_gmt":"2026-01-22T15:31:23","guid":{"rendered":"https:\/\/alertasaltillo.com\/?p=22872"},"modified":"2026-01-22T15:31:26","modified_gmt":"2026-01-22T15:31:26","slug":"mas-de-200m-ejemplares-de-ballena-gris-nadan-en-aguas-mexicanas","status":"publish","type":"post","link":"https:\/\/alertasaltillo.com\/index.php\/2026\/01\/22\/mas-de-200m-ejemplares-de-ballena-gris-nadan-en-aguas-mexicanas\/","title":{"rendered":"M\u00c1S DE 200M EJEMPLARES DE BALLENA GRIS NADAN EN AGUAS MEXICANAS"},"content":{"rendered":"\n<h2>La Comisi\u00f3n Nacional de \u00c1reas Naturales Protegidas (Conanp) inform\u00f3 del arribo de la Ballena Gris a los santuarios de Baja California Sur<\/h2>\n\n\n\n<p>La Comisi\u00f3n Nacional de \u00c1reas Naturales Protegidas (Conanp) inform\u00f3 del arribo de la&nbsp;<strong><a href=\"https:\/\/www.excelsior.com.mx\/temas\/animales\" target=\"_blank\" rel=\"noreferrer noopener\">Ballena Gris<\/a><\/strong>&nbsp;(Eschrichtius robustus), a los&nbsp;<strong>santuarios de Baja California Su<\/strong>r, para la temporada migratoria 2025-2026, que inici\u00f3 el pasado 15 de diciembre.&nbsp;<\/p>\n\n\n\n<p>Seg\u00fan el primer censo oficial, en la Laguna Ojo de Liebre, que forma parte de la Reserva de la Biosfera El Vizca\u00edno, se contabilizaron 121 ejemplares (13 ballenas con cr\u00eda y 95 ballenas solas).<\/p>\n\n\n\n<p>Mientras que, de acuerdo al Programa de Investigaci\u00f3n de Mam\u00edferos Marinos (PRIMMA), de la Universidad Aut\u00f3noma de Baja California Sur (UABCS), en la Laguna San Ignacio hay 20 ballenas grises (14 solas y tres madres con cr\u00eda).<\/p>\n\n\n\n<p>En tanto, en el complejo lagunar de Bah\u00eda Magdalena (Puerto San Carlos, Puerto Adolfo L\u00f3pez Mateos y Puerto Chale), hay 68 ballenas solas.<\/p>\n\n\n\n<p>Hasta el momento, el gran total son 209 ejemplares de Ballena Gris,\u00a0<strong>16 cr\u00edas y 193 ejemplares adultos.<\/strong><\/p>\n\n\n\n<p>Con Informaci\u00f3n Tomada de EXC\u00c9LSIOR<\/p>\n","protected":false},"excerpt":{"rendered":"<p>La Comisi\u00f3n Nacional de \u00c1reas Naturales Protegidas (Conanp) inform\u00f3 del arribo de la Ballena Gris a los santuarios de Baja California Sur La Comisi\u00f3n Nacional de \u00c1reas Naturales Protegidas (Conanp) inform\u00f3 del arribo de la&nbsp;Ballena Gris&nbsp;(Eschrichtius robustus), a los&nbsp;santuarios de Baja California Sur, para la temporada migratoria 2025-2026, que inici\u00f3 el pasado 15 de diciembre.&nbsp; [&hellip;]<\/p>\n","protected":false},"author":4,"featured_media":22873,"comment_status":"open","ping_status":"open","sticky":false,"template":"","format":"standard","meta":[],"categories":[8],"tags":[],"_links":{"self":[{"href":"https:\/\/alertasaltillo.com\/index.php\/wp-json\/wp\/v2\/posts\/22872"}],"collection":[{"href":"https:\/\/alertasaltillo.com\/index.php\/wp-json\/wp\/v2\/posts"}],"about":[{"href":"https:\/\/alertasaltillo.com\/index.php\/wp-json\/wp\/v2\/types\/post"}],"author":[{"embeddable":true,"href":"https:\/\/alertasaltillo.com\/index.php\/wp-json\/wp\/v2\/users\/4"}],"replies":[{"embeddable":true,"href":"https:\/\/alertasaltillo.com\/index.php\/wp-json\/wp\/v2\/comments?post=22872"}],"version-history":[{"count":1,"href":"https:\/\/alertasaltillo.com\/index.php\/wp-json\/wp\/v2\/posts\/22872\/revisions"}],"predecessor-version":[{"id":22874,"href":"https:\/\/alertasaltillo.com\/index.php\/wp-json\/wp\/v2\/posts\/22872\/revisions\/22874"}],"wp:featuredmedia":[{"embeddable":true,"href":"https:\/\/alertasaltillo.com\/index.php\/wp-json\/wp\/v2\/media\/22873"}],"wp:attachment":[{"href":"https:\/\/alertasaltillo.com\/index.php\/wp-json\/wp\/v2\/media?parent=22872"}],"wp:term":[{"taxonomy":"category","embeddable":true,"href":"https:\/\/alertasaltillo.com\/index.php\/wp-json\/wp\/v2\/categories?post=22872"},{"taxonomy":"post_tag","embeddable":true,"href":"https:\/\/alertasaltillo.com\/index.php\/wp-json\/wp\/v2\/tags?post=22872"}],"curies":[{"name":"wp","href":"https:\/\/api.w.org\/{rel}","templated":true}]}}