{"id":22869,"date":"2026-01-22T15:22:52","date_gmt":"2026-01-22T15:22:52","guid":{"rendered":"https:\/\/alertasaltillo.com\/?p=22869"},"modified":"2026-01-22T15:22:54","modified_gmt":"2026-01-22T15:22:54","slug":"designan-a-alfonso-figueroa-como-director-general-del-dif-saltillo","status":"publish","type":"post","link":"https:\/\/alertasaltillo.com\/index.php\/2026\/01\/22\/designan-a-alfonso-figueroa-como-director-general-del-dif-saltillo\/","title":{"rendered":"DESIGNAN A ALFONSO FIGUEROA COMO DIRECTOR GENERAL DEL DIF SALTILLO"},"content":{"rendered":"\n<p><\/p>\n\n\n\n<p><em>Se aprobaron reglas de operaci\u00f3n de los programas que ofrecer\u00e1 este organismo durante el 2026<\/em><\/p>\n\n\n\n<p>Saltillo, Coahuila de Zaragoza; 21 de enero de 2026.- El Consejo Directivo del DIF Saltillo aprob\u00f3 por unanimidad el nombramiento de Alfonso Figueroa Vicu\u00f1a como director general del Sistema para el Desarrollo Integral de la Familia. La decisi\u00f3n se tom\u00f3 durante la primera sesi\u00f3n ordinaria del a\u00f1o, la cual fue encabezada por el alcalde de la ciudad, Javier D\u00edaz Gonz\u00e1lez, y la presidenta honoraria de este organismo, Luly L\u00f3pez Naranjo.<\/p>\n\n\n\n<p>El alcalde Javier D\u00edaz reconoci\u00f3 el trabajo realizado en el DIF Municipal durante el primer a\u00f1o de la administraci\u00f3n, en el que se atendi\u00f3 y benefici\u00f3 a los sectores m\u00e1s vulnerables de la poblaci\u00f3n.<\/p>\n\n\n\n<p>Indic\u00f3 que el doctor Roberto C\u00e1rdenas Zavala muy pronto asumir\u00e1 una nueva responsabilidad en su administraci\u00f3n, en la que se aprovechar\u00e1 su experiencia y trayectoria dedicadas al servicio p\u00fablico.<\/p>\n\n\n\n<p>\u201cYo les pido a todos nuestros colaboradores del DIF Saltillo que sigan haciendo su mayor esfuerzo para atender a la ciudadan\u00eda de la mejor forma, de manera especial a quienes m\u00e1s lo necesitan y viendo siempre el c\u00f3mo s\u00ed podemos apoyarlos\u201d, apunt\u00f3 D\u00edaz Gonz\u00e1lez.<\/p>\n\n\n\n<p>Adem\u00e1s, el Consejo Directivo del DIF tambi\u00e9n aprob\u00f3 los nombramientos de Carlos Enrique M\u00fcller de Luna como director de Fortalecimiento Social, y de Frida Jennifer Vega Pantoja como coordinadora de Atenci\u00f3n Ciudadana.<\/p>\n\n\n\n<p>Alfonso Figueroa Vicu\u00f1a es licenciado en Derecho por la Facultad de Jurisprudencia; tras desempe\u00f1arse en el sector privado, ingres\u00f3 a la administraci\u00f3n municipal como director del Instituto Municipal de la Juventud. El a\u00f1o anterior se desempe\u00f1\u00f3 como director de Fortalecimiento Social del DIF Saltillo, organismo del cual ahora es director general.<\/p>\n\n\n\n<p>Como parte de la sesi\u00f3n del Consejo Directivo, tambi\u00e9n se present\u00f3 y aprob\u00f3 por unanimidad el Programa Operativo Anual 2026 del DIF Municipal, el cual considera las actividades e indicadores de cada una de las \u00e1reas de este organismo; adem\u00e1s, se rindi\u00f3 un informe relativo a los beneficiarios de los programas durante el 2025.<\/p>\n\n\n\n<p>La presidenta honoraria, Luly L\u00f3pez Naranjo, agradeci\u00f3 y reconoci\u00f3 el trabajo realizado en el DIF durante el 2025, y exhort\u00f3 a redoblar esfuerzos durante este a\u00f1o para seguir atendiendo a quienes m\u00e1s lo necesitan.<\/p>\n\n\n\n<p>\u201cDesde que llegamos al DIF hace un a\u00f1o hemos visto el c\u00f3mo s\u00ed y el c\u00f3mo salir de las oficinas para acercar los apoyos a quienes los necesitan; durante el primer a\u00f1o hicimos muchas cosas y estamos seguros de que en el 2026 podemos hacer m\u00e1s\u201d, afirm\u00f3 L\u00f3pez Naranjo.<\/p>\n\n\n\n<p>Asimismo, se presentaron y aprobaron las reglas de operaci\u00f3n 2026 de programas del DIF Saltillo como: Espacios DIF, Amor en Movimiento, Apoyos Econ\u00f3micos, Alimentos Nutritivos y Aparatos Auditivos.<\/p>\n\n\n\n<p>Finalmente, tambi\u00e9n se aprob\u00f3 el avance de la gesti\u00f3n financiera del cuarto trimestre de 2025 del DIF Municipal, el cuarto informe trimestral del avance de actividades 2025, as\u00ed como diversos temas administrativos.<\/p>\n","protected":false},"excerpt":{"rendered":"<p>Se aprobaron reglas de operaci\u00f3n de los programas que ofrecer\u00e1 este organismo durante el 2026 Saltillo, Coahuila de Zaragoza; 21 de enero de 2026.- El Consejo Directivo del DIF Saltillo aprob\u00f3 por unanimidad el nombramiento de Alfonso Figueroa Vicu\u00f1a como director general del Sistema para el Desarrollo Integral de la Familia. La decisi\u00f3n se tom\u00f3 [&hellip;]<\/p>\n","protected":false},"author":4,"featured_media":22870,"comment_status":"open","ping_status":"open","sticky":false,"template":"","format":"standard","meta":[],"categories":[5],"tags":[],"_links":{"self":[{"href":"https:\/\/alertasaltillo.com\/index.php\/wp-json\/wp\/v2\/posts\/22869"}],"collection":[{"href":"https:\/\/alertasaltillo.com\/index.php\/wp-json\/wp\/v2\/posts"}],"about":[{"href":"https:\/\/alertasaltillo.com\/index.php\/wp-json\/wp\/v2\/types\/post"}],"author":[{"embeddable":true,"href":"https:\/\/alertasaltillo.com\/index.php\/wp-json\/wp\/v2\/users\/4"}],"replies":[{"embeddable":true,"href":"https:\/\/alertasaltillo.com\/index.php\/wp-json\/wp\/v2\/comments?post=22869"}],"version-history":[{"count":1,"href":"https:\/\/alertasaltillo.com\/index.php\/wp-json\/wp\/v2\/posts\/22869\/revisions"}],"predecessor-version":[{"id":22871,"href":"https:\/\/alertasaltillo.com\/index.php\/wp-json\/wp\/v2\/posts\/22869\/revisions\/22871"}],"wp:featuredmedia":[{"embeddable":true,"href":"https:\/\/alertasaltillo.com\/index.php\/wp-json\/wp\/v2\/media\/22870"}],"wp:attachment":[{"href":"https:\/\/alertasaltillo.com\/index.php\/wp-json\/wp\/v2\/media?parent=22869"}],"wp:term":[{"taxonomy":"category","embeddable":true,"href":"https:\/\/alertasaltillo.com\/index.php\/wp-json\/wp\/v2\/categories?post=22869"},{"taxonomy":"post_tag","embeddable":true,"href":"https:\/\/alertasaltillo.com\/index.php\/wp-json\/wp\/v2\/tags?post=22869"}],"curies":[{"name":"wp","href":"https:\/\/api.w.org\/{rel}","templated":true}]}}