{"id":22854,"date":"2026-01-22T15:01:21","date_gmt":"2026-01-22T15:01:21","guid":{"rendered":"https:\/\/alertasaltillo.com\/?p=22854"},"modified":"2026-01-22T15:01:26","modified_gmt":"2026-01-22T15:01:26","slug":"calaron-discursos-a-trump-baja-el-tono-con-groenlandia","status":"publish","type":"post","link":"https:\/\/alertasaltillo.com\/index.php\/2026\/01\/22\/calaron-discursos-a-trump-baja-el-tono-con-groenlandia\/","title":{"rendered":"CALARON DISCURSOS A TRUMP; BAJA EL TONO CON GROENLANDIA"},"content":{"rendered":"\n<p><\/p>\n\n\n\n<p>El presidente estadounidense&nbsp;<strong>Donald Trump&nbsp;<\/strong>anunci\u00f3 el mi\u00e9rcoles que cancelaba su plan de imponer aranceles a pa\u00edses europeos por no querer darle Groenlandia, y dijo que \u00e9l y el l\u00edder de la OTAN acordar\u00e1n un&nbsp;<strong><em>\u201cmarco de un futuro acuerdo\u201d<\/em><\/strong>&nbsp;sobre la seguridad en el \u00c1rtico.<\/p>\n\n\n\n<p>El cambio abrupto surgi\u00f3 horas despu\u00e9s de que Trump insistiera en que quiere&nbsp;<strong><em>\u201cobtener Groenlandia, incluyendo el derecho, t\u00edtulo y propiedad\u201d<\/em><\/strong>, pero asegur\u00f3 que no emplear\u00eda la fuerza para lograrlo, mientras ridiculizaba a los aliados europeos y advert\u00eda que la OTAN no deber\u00eda intentar bloquear el expansionismo de Estados Unidos.<\/p>\n\n\n\n<p>En un discurso extraordinario en el Foro Econ\u00f3mico Mundial en Davos, Suiza, Trump dijo que estaba pidiendo un territorio que era&nbsp;<strong><em>\u201cfr\u00edo y mal ubicado\u201d<\/em><\/strong>. Agreg\u00f3 que Estados Unidos salv\u00f3 a Europa durante la Segunda Guerra Mundial y&nbsp;<strong><em>\u201ces una petici\u00f3n muy peque\u00f1a en comparaci\u00f3n con lo que les hemos dado durante muchas, muchas d\u00e9cadas\u201d.<\/em><\/strong><\/p>\n\n\n\n<p><strong><em>\u201cProbablemente no obtendremos nada a menos que decida usar fuerza excesiva y poder donde ser\u00edamos francamente imparables. Pero, no har\u00e9 eso. \u00bfOK?\u201d<\/em><\/strong>, dijo Trump, a\u00f1adiendo m\u00e1s tarde,\u00a0<strong><em>\u201cNo tengo que usar la fuerza, no quiero usar la fuerza\u201d.<\/em><\/strong><\/p>\n\n\n\n<p>Con Informaci\u00f3n Tomada de EL DIARIO DE COAHUILA<\/p>\n","protected":false},"excerpt":{"rendered":"<p>El presidente estadounidense&nbsp;Donald Trump&nbsp;anunci\u00f3 el mi\u00e9rcoles que cancelaba su plan de imponer aranceles a pa\u00edses europeos por no querer darle Groenlandia, y dijo que \u00e9l y el l\u00edder de la OTAN acordar\u00e1n un&nbsp;\u201cmarco de un futuro acuerdo\u201d&nbsp;sobre la seguridad en el \u00c1rtico. El cambio abrupto surgi\u00f3 horas despu\u00e9s de que Trump insistiera en que quiere&nbsp;\u201cobtener [&hellip;]<\/p>\n","protected":false},"author":4,"featured_media":22855,"comment_status":"open","ping_status":"open","sticky":false,"template":"","format":"standard","meta":[],"categories":[186],"tags":[],"_links":{"self":[{"href":"https:\/\/alertasaltillo.com\/index.php\/wp-json\/wp\/v2\/posts\/22854"}],"collection":[{"href":"https:\/\/alertasaltillo.com\/index.php\/wp-json\/wp\/v2\/posts"}],"about":[{"href":"https:\/\/alertasaltillo.com\/index.php\/wp-json\/wp\/v2\/types\/post"}],"author":[{"embeddable":true,"href":"https:\/\/alertasaltillo.com\/index.php\/wp-json\/wp\/v2\/users\/4"}],"replies":[{"embeddable":true,"href":"https:\/\/alertasaltillo.com\/index.php\/wp-json\/wp\/v2\/comments?post=22854"}],"version-history":[{"count":1,"href":"https:\/\/alertasaltillo.com\/index.php\/wp-json\/wp\/v2\/posts\/22854\/revisions"}],"predecessor-version":[{"id":22856,"href":"https:\/\/alertasaltillo.com\/index.php\/wp-json\/wp\/v2\/posts\/22854\/revisions\/22856"}],"wp:featuredmedia":[{"embeddable":true,"href":"https:\/\/alertasaltillo.com\/index.php\/wp-json\/wp\/v2\/media\/22855"}],"wp:attachment":[{"href":"https:\/\/alertasaltillo.com\/index.php\/wp-json\/wp\/v2\/media?parent=22854"}],"wp:term":[{"taxonomy":"category","embeddable":true,"href":"https:\/\/alertasaltillo.com\/index.php\/wp-json\/wp\/v2\/categories?post=22854"},{"taxonomy":"post_tag","embeddable":true,"href":"https:\/\/alertasaltillo.com\/index.php\/wp-json\/wp\/v2\/tags?post=22854"}],"curies":[{"name":"wp","href":"https:\/\/api.w.org\/{rel}","templated":true}]}}