{"id":22817,"date":"2026-01-21T06:37:05","date_gmt":"2026-01-21T06:37:05","guid":{"rendered":"https:\/\/alertasaltillo.com\/?p=22817"},"modified":"2026-01-21T06:37:07","modified_gmt":"2026-01-21T06:37:07","slug":"participan-brigadistas-de-saltillo-en-curso-para-combatientes-de-incendio-forestal","status":"publish","type":"post","link":"https:\/\/alertasaltillo.com\/index.php\/2026\/01\/21\/participan-brigadistas-de-saltillo-en-curso-para-combatientes-de-incendio-forestal\/","title":{"rendered":"PARTICIPAN BRIGADISTAS DE SALTILLO EN CURSO PARA COMBATIENTES DE INCENDIO FORESTAL"},"content":{"rendered":"\n<p><\/p>\n\n\n\n<p><em>Se imparti\u00f3 a trav\u00e9s de la Secretar\u00eda de Medio Ambiente en Coahuila<\/em><\/p>\n\n\n\n<p>Saltillo, Coahuila de Zaragoza; 20 de enero de 2026.- Brigadistas del Municipio de Saltillo participaron en el curso para combatientes de incendio forestal impartido por la Secretar\u00eda de Medio Ambiente en Coahuila.<\/p>\n\n\n\n<p>Emmanuel Olache Vald\u00e9s, director de Medio Ambiente y Desarrollo Sustentable, inform\u00f3 que el objetivo principal es que los brigadistas se mantengan en constante capacitaci\u00f3n.<\/p>\n\n\n\n<p>\u201cEllos son quienes estar\u00e1n al frente en la atenci\u00f3n y combate de incendios forestales y riesgos inminentes, por ello la importancia de la capacitaci\u00f3n permanente\u201d, mencion\u00f3 el funcionario.<\/p>\n\n\n\n<p>Olache Vald\u00e9s refiri\u00f3 que, por instrucciones del alcalde Javier D\u00edaz Gonz\u00e1lez, se trabaja en este tema de la mano con el gobernador de Coahuila, Manolo Jim\u00e9nez Salinas.<\/p>\n\n\n\n<p>El curso, en el que participaron 22 brigadistas del municipio de Saltillo, as\u00ed como elementos de Protecci\u00f3n Civil de Ramos Arizpe, fue impartido por Leonel P\u00e9rez G\u00f3mez, coordinador de Incendios Forestales en Coahuila.<\/p>\n\n\n\n<p>\u201cCon este curso se refrenda el compromiso de las autoridades municipales y estatales de fortalecer al personal operativo, contribuyendo a la protecci\u00f3n de los recursos naturales y a la seguridad de la ciudadan\u00eda\u201d, refiri\u00f3 Emmanuel Olache Vald\u00e9s.<\/p>\n\n\n\n<p>Durante el curso se cont\u00f3 con la presencia de Ren\u00e9 Medina Morales, subsecretario de Incendios Forestales del Estado; y por parte de la Direcci\u00f3n de Medio Ambiente y Desarrollo Sustentable, Francisco Torres Aguirre, subdirector de Recursos Naturales; y Francisco Javier Sifuentes Cant\u00fa, coordinador de la brigada de incendios forestales.<\/p>\n","protected":false},"excerpt":{"rendered":"<p>Se imparti\u00f3 a trav\u00e9s de la Secretar\u00eda de Medio Ambiente en Coahuila Saltillo, Coahuila de Zaragoza; 20 de enero de 2026.- Brigadistas del Municipio de Saltillo participaron en el curso para combatientes de incendio forestal impartido por la Secretar\u00eda de Medio Ambiente en Coahuila. Emmanuel Olache Vald\u00e9s, director de Medio Ambiente y Desarrollo Sustentable, inform\u00f3 [&hellip;]<\/p>\n","protected":false},"author":4,"featured_media":22818,"comment_status":"open","ping_status":"open","sticky":false,"template":"","format":"standard","meta":[],"categories":[5],"tags":[],"_links":{"self":[{"href":"https:\/\/alertasaltillo.com\/index.php\/wp-json\/wp\/v2\/posts\/22817"}],"collection":[{"href":"https:\/\/alertasaltillo.com\/index.php\/wp-json\/wp\/v2\/posts"}],"about":[{"href":"https:\/\/alertasaltillo.com\/index.php\/wp-json\/wp\/v2\/types\/post"}],"author":[{"embeddable":true,"href":"https:\/\/alertasaltillo.com\/index.php\/wp-json\/wp\/v2\/users\/4"}],"replies":[{"embeddable":true,"href":"https:\/\/alertasaltillo.com\/index.php\/wp-json\/wp\/v2\/comments?post=22817"}],"version-history":[{"count":1,"href":"https:\/\/alertasaltillo.com\/index.php\/wp-json\/wp\/v2\/posts\/22817\/revisions"}],"predecessor-version":[{"id":22819,"href":"https:\/\/alertasaltillo.com\/index.php\/wp-json\/wp\/v2\/posts\/22817\/revisions\/22819"}],"wp:featuredmedia":[{"embeddable":true,"href":"https:\/\/alertasaltillo.com\/index.php\/wp-json\/wp\/v2\/media\/22818"}],"wp:attachment":[{"href":"https:\/\/alertasaltillo.com\/index.php\/wp-json\/wp\/v2\/media?parent=22817"}],"wp:term":[{"taxonomy":"category","embeddable":true,"href":"https:\/\/alertasaltillo.com\/index.php\/wp-json\/wp\/v2\/categories?post=22817"},{"taxonomy":"post_tag","embeddable":true,"href":"https:\/\/alertasaltillo.com\/index.php\/wp-json\/wp\/v2\/tags?post=22817"}],"curies":[{"name":"wp","href":"https:\/\/api.w.org\/{rel}","templated":true}]}}