{"id":22814,"date":"2026-01-21T06:35:08","date_gmt":"2026-01-21T06:35:08","guid":{"rendered":"https:\/\/alertasaltillo.com\/?p=22814"},"modified":"2026-01-21T06:35:08","modified_gmt":"2026-01-21T06:35:08","slug":"encuentran-a-hombre-sin-vida-en-su-domicilio","status":"publish","type":"post","link":"https:\/\/alertasaltillo.com\/index.php\/2026\/01\/21\/encuentran-a-hombre-sin-vida-en-su-domicilio\/","title":{"rendered":"ENCUENTRAN A HOMBRE SIN VIDA EN SU DOMICILIO"},"content":{"rendered":"\n<h2>Movilizaci\u00f3n policiaca se registra la tarde de este lunes, en la colonia San Isidro<\/h2>\n\n\n\n<p>Luego de atravesar un periodo personal dif\u00edcil tras la reciente p\u00e9rdida de su madre<strong>, un hombre de 32 a\u00f1os fue encontrado sin vida en su domicilio, ubicado en la colonia San Isidro.<\/strong><\/p>\n\n\n\n<p>Los hechos ocurrieron en un inmueble de la calle Jos\u00e9 Mar\u00eda Bocanegra, donde autoridades colocaron cintas de acordonamiento para iniciar las investigaciones correspondientes.<\/p>\n\n\n\n<p><strong>La persona fue identificada como Leonardo N, de oficio alba\u00f1il, vecino del sector y descrito por quienes lo conoc\u00edan como una persona tranquila y apreciada en la comunidad.<\/strong><\/p>\n\n\n\n<p>Tras el reporte realizado al Sistema de Emergencias 911, param\u00e9dicos de la Cruz Roja acudieron al sitio, donde \u00fanicamente pudieron confirmar el fallecimiento, por lo que se activaron los protocolos correspondientes.<\/p>\n\n\n\n<p>Elementos de la Polic\u00eda Municipal acudieron para tomar conocimiento de los hechos y acordonaron el \u00e1rea, mientras que personal de la Fiscal\u00eda General del Estado llev\u00f3 a cabo las diligencias periciales y orden\u00f3 el traslado del cuerpo al Servicio M\u00e9dico Forense.<\/p>\n\n\n\n<p>Fuentes extraoficiales dieron a conocer que Leonardo no padec\u00eda enfermedades ni manten\u00eda conflictos con otras personas. Sin embargo, se\u00f1alaron que atravesaba un momento emocional complicado, luego de que hace aproximadamente tres meses falleciera su madre, con quien manten\u00eda una relaci\u00f3n muy cercana.<\/p>\n\n\n\n<p>Con Informaci\u00f3n Tomada de EL DIARIO DE COAHUILA<\/p>\n","protected":false},"excerpt":{"rendered":"<p>Movilizaci\u00f3n policiaca se registra la tarde de este lunes, en la colonia San Isidro Luego de atravesar un periodo personal dif\u00edcil tras la reciente p\u00e9rdida de su madre, un hombre de 32 a\u00f1os fue encontrado sin vida en su domicilio, ubicado en la colonia San Isidro. Los hechos ocurrieron en un inmueble de la calle [&hellip;]<\/p>\n","protected":false},"author":4,"featured_media":22815,"comment_status":"open","ping_status":"open","sticky":false,"template":"","format":"standard","meta":[],"categories":[199],"tags":[],"_links":{"self":[{"href":"https:\/\/alertasaltillo.com\/index.php\/wp-json\/wp\/v2\/posts\/22814"}],"collection":[{"href":"https:\/\/alertasaltillo.com\/index.php\/wp-json\/wp\/v2\/posts"}],"about":[{"href":"https:\/\/alertasaltillo.com\/index.php\/wp-json\/wp\/v2\/types\/post"}],"author":[{"embeddable":true,"href":"https:\/\/alertasaltillo.com\/index.php\/wp-json\/wp\/v2\/users\/4"}],"replies":[{"embeddable":true,"href":"https:\/\/alertasaltillo.com\/index.php\/wp-json\/wp\/v2\/comments?post=22814"}],"version-history":[{"count":1,"href":"https:\/\/alertasaltillo.com\/index.php\/wp-json\/wp\/v2\/posts\/22814\/revisions"}],"predecessor-version":[{"id":22816,"href":"https:\/\/alertasaltillo.com\/index.php\/wp-json\/wp\/v2\/posts\/22814\/revisions\/22816"}],"wp:featuredmedia":[{"embeddable":true,"href":"https:\/\/alertasaltillo.com\/index.php\/wp-json\/wp\/v2\/media\/22815"}],"wp:attachment":[{"href":"https:\/\/alertasaltillo.com\/index.php\/wp-json\/wp\/v2\/media?parent=22814"}],"wp:term":[{"taxonomy":"category","embeddable":true,"href":"https:\/\/alertasaltillo.com\/index.php\/wp-json\/wp\/v2\/categories?post=22814"},{"taxonomy":"post_tag","embeddable":true,"href":"https:\/\/alertasaltillo.com\/index.php\/wp-json\/wp\/v2\/tags?post=22814"}],"curies":[{"name":"wp","href":"https:\/\/api.w.org\/{rel}","templated":true}]}}