{"id":22811,"date":"2026-01-21T06:28:40","date_gmt":"2026-01-21T06:28:40","guid":{"rendered":"https:\/\/alertasaltillo.com\/?p=22811"},"modified":"2026-01-21T06:28:42","modified_gmt":"2026-01-21T06:28:42","slug":"la-danza-inicia-desde-la-infancia-la-edec-abre-inscripciones-a-la-clase-de-pre-ballet","status":"publish","type":"post","link":"https:\/\/alertasaltillo.com\/index.php\/2026\/01\/21\/la-danza-inicia-desde-la-infancia-la-edec-abre-inscripciones-a-la-clase-de-pre-ballet\/","title":{"rendered":"LA DANZA INICIA DESDE LA INFANCIA: LA EDEC ABRE INSCRIPCIONES  A LA CLASE DE PRE BALLET"},"content":{"rendered":"\n<p><\/p>\n\n\n\n<p>Saltillo Coahuila a 20 de enero de 2026.- Con el objetivo de impulsar la formaci\u00f3n art\u00edstica desde edades tempranas y captar el talento de ni\u00f1as y ni\u00f1os de la comunidad, la Escuela de Danza del Estado de Coahuila (EDEC) invita a integrarse a la clase de Iniciaci\u00f3n a la Danza (Pre Ballet), cuyas inscripciones estar\u00e1n abiertas a partir del 7 de enero de 2026.<\/p>\n\n\n\n<p>Al respecto, la secretaria de Cultura del Estado, Lic. Esther Quintana, destac\u00f3 la relevancia de acercar a la ni\u00f1ez al arte como parte de su desarrollo integral: \u201cEn la Escuela de Danza del Estado de Coahuila creemos que el arte transforma, educa y fortalece valores. A trav\u00e9s del pre ballet brindamos a ni\u00f1as y ni\u00f1os un primer acercamiento a la disciplina, la creatividad y el trabajo en equipo, en un entorno l\u00fadico y formativo que siembra las bases para su crecimiento personal y art\u00edstico\u201d.&nbsp;<\/p>\n\n\n\n<p>La titular de cultura estatal agradeci\u00f3 al gobernador del estado Manolo Jim\u00e9nez su respaldo permanente a la cultura y las artes, que nos permite seguir generando espacios de formaci\u00f3n y acercamiento a la danza para las familias coahuilenses.<\/p>\n\n\n\n<p>La clase de Pre Ballet est\u00e1 dirigida a ni\u00f1as y ni\u00f1os de 6 a 8 a\u00f1os y se enfoca en el fortalecimiento f\u00edsico, la alineaci\u00f3n corporal, la lateralidad y el desarrollo de habilidades b\u00e1sicas que, en una etapa posterior, les permitir\u00e1n integrarse a las clases formativas de ballet cl\u00e1sico, a trav\u00e9s de secuencias y din\u00e1micas l\u00fadicas acordes a su edad.<\/p>\n\n\n\n<p>Las actividades dar\u00e1n inicio en enero de 2026; las clases se impartir\u00e1n los martes, jueves y viernes, en un horario de 17:00 a 18:15 horas.<\/p>\n\n\n\n<p>Para mayores informes, las personas interesadas pueden comunicarse al 84 44 10 59 27, en un horario de 10:00 a 19:00 horas.<\/p>\n","protected":false},"excerpt":{"rendered":"<p>Saltillo Coahuila a 20 de enero de 2026.- Con el objetivo de impulsar la formaci\u00f3n art\u00edstica desde edades tempranas y captar el talento de ni\u00f1as y ni\u00f1os de la comunidad, la Escuela de Danza del Estado de Coahuila (EDEC) invita a integrarse a la clase de Iniciaci\u00f3n a la Danza (Pre Ballet), cuyas inscripciones estar\u00e1n [&hellip;]<\/p>\n","protected":false},"author":4,"featured_media":22812,"comment_status":"open","ping_status":"open","sticky":false,"template":"","format":"standard","meta":[],"categories":[201],"tags":[],"_links":{"self":[{"href":"https:\/\/alertasaltillo.com\/index.php\/wp-json\/wp\/v2\/posts\/22811"}],"collection":[{"href":"https:\/\/alertasaltillo.com\/index.php\/wp-json\/wp\/v2\/posts"}],"about":[{"href":"https:\/\/alertasaltillo.com\/index.php\/wp-json\/wp\/v2\/types\/post"}],"author":[{"embeddable":true,"href":"https:\/\/alertasaltillo.com\/index.php\/wp-json\/wp\/v2\/users\/4"}],"replies":[{"embeddable":true,"href":"https:\/\/alertasaltillo.com\/index.php\/wp-json\/wp\/v2\/comments?post=22811"}],"version-history":[{"count":1,"href":"https:\/\/alertasaltillo.com\/index.php\/wp-json\/wp\/v2\/posts\/22811\/revisions"}],"predecessor-version":[{"id":22813,"href":"https:\/\/alertasaltillo.com\/index.php\/wp-json\/wp\/v2\/posts\/22811\/revisions\/22813"}],"wp:featuredmedia":[{"embeddable":true,"href":"https:\/\/alertasaltillo.com\/index.php\/wp-json\/wp\/v2\/media\/22812"}],"wp:attachment":[{"href":"https:\/\/alertasaltillo.com\/index.php\/wp-json\/wp\/v2\/media?parent=22811"}],"wp:term":[{"taxonomy":"category","embeddable":true,"href":"https:\/\/alertasaltillo.com\/index.php\/wp-json\/wp\/v2\/categories?post=22811"},{"taxonomy":"post_tag","embeddable":true,"href":"https:\/\/alertasaltillo.com\/index.php\/wp-json\/wp\/v2\/tags?post=22811"}],"curies":[{"name":"wp","href":"https:\/\/api.w.org\/{rel}","templated":true}]}}