{"id":22797,"date":"2026-01-21T06:10:04","date_gmt":"2026-01-21T06:10:04","guid":{"rendered":"https:\/\/alertasaltillo.com\/?p=22797"},"modified":"2026-01-21T06:10:06","modified_gmt":"2026-01-21T06:10:06","slug":"trasladan-a-eu-a-37-criminales-de-alto-impacto-ya-suman-92","status":"publish","type":"post","link":"https:\/\/alertasaltillo.com\/index.php\/2026\/01\/21\/trasladan-a-eu-a-37-criminales-de-alto-impacto-ya-suman-92\/","title":{"rendered":"TRASLADAN A EU A 37 CRIMINALES DE ALTO IMPACTO&#8230; YA SUMAN 92"},"content":{"rendered":"\n<h2>El Gabinete de Seguridad federal consolid\u00f3 este martes una tercera entrega masiva de capos al gobierno de Estados Unidos<\/h2>\n\n\n\n<p>La&nbsp;<strong>Secretar\u00eda de Seguridad y Protecci\u00f3n Ciudadana (SSPC)<\/strong>&nbsp;y la Fiscal\u00eda General de la Rep\u00fablica (FGR), informaron que este martes fueron trasladados a Estados Unidos&nbsp;<strong>37 personas<\/strong>&nbsp;que se encontraban privadas de su libertad en diferentes centros penitenciarios del pa\u00eds, las cuales eran requeridas por sus&nbsp;<strong>v\u00ednculos con organizaciones criminales por tr\u00e1fico de drogas,&nbsp;<\/strong>entre otros delitos.<\/p>\n\n\n\n<p>Las dependencias detallaron que la custodia, traslado y entrega formal de estas personas se realiz\u00f3 bajo los protocolos institucionales con el debido respeto de sus derechos fundamentales, en apego a nuestra Constituci\u00f3n y a la Ley de Seguridad Nacional y bajo solicitud del Departamento de Justicia de los Estados Unidos.<\/p>\n\n\n\n<p>Indicaron que esta acci\u00f3n se enmarca en las labores de coordinaci\u00f3n, cooperaci\u00f3n y reciprocidad bilateral, en el marco del respeto a la soberan\u00eda de ambas naciones.<\/p>\n\n\n\n<p>Entre las personas trasladadas se encuentra<strong>\u00a0Abraham Oseguera Cervantes<\/strong>, alias \u201cDon Rodo\u201d, hermano del l\u00edder del C\u00e1rtel Jalisco Nueva Generaci\u00f3n (CJNG),\u00a0<strong>Nemesio Oseguera,<\/strong>\u00a0\u201cEl Mencho\u201d.<\/p>\n\n\n\n<p>Aeronaves del Ej\u00e9rcito, Guardia Nacional y de la Marina trasladaron a los capos desde distintos penales del pa\u00eds, se\u00f1alaron las fuentes consultadas.<\/p>\n\n\n\n<p>Los abogados defensores no han podido ingresar al penal del Altiplano, debido a que se encuentra sitiado por las autoridades.<\/p>\n\n\n\n<p>Con Informaci\u00f3n Tomada de EL DIARIO DE COAHUILA<\/p>\n","protected":false},"excerpt":{"rendered":"<p>El Gabinete de Seguridad federal consolid\u00f3 este martes una tercera entrega masiva de capos al gobierno de Estados Unidos La&nbsp;Secretar\u00eda de Seguridad y Protecci\u00f3n Ciudadana (SSPC)&nbsp;y la Fiscal\u00eda General de la Rep\u00fablica (FGR), informaron que este martes fueron trasladados a Estados Unidos&nbsp;37 personas&nbsp;que se encontraban privadas de su libertad en diferentes centros penitenciarios del pa\u00eds, [&hellip;]<\/p>\n","protected":false},"author":4,"featured_media":22799,"comment_status":"open","ping_status":"open","sticky":false,"template":"","format":"standard","meta":[],"categories":[185],"tags":[],"_links":{"self":[{"href":"https:\/\/alertasaltillo.com\/index.php\/wp-json\/wp\/v2\/posts\/22797"}],"collection":[{"href":"https:\/\/alertasaltillo.com\/index.php\/wp-json\/wp\/v2\/posts"}],"about":[{"href":"https:\/\/alertasaltillo.com\/index.php\/wp-json\/wp\/v2\/types\/post"}],"author":[{"embeddable":true,"href":"https:\/\/alertasaltillo.com\/index.php\/wp-json\/wp\/v2\/users\/4"}],"replies":[{"embeddable":true,"href":"https:\/\/alertasaltillo.com\/index.php\/wp-json\/wp\/v2\/comments?post=22797"}],"version-history":[{"count":1,"href":"https:\/\/alertasaltillo.com\/index.php\/wp-json\/wp\/v2\/posts\/22797\/revisions"}],"predecessor-version":[{"id":22800,"href":"https:\/\/alertasaltillo.com\/index.php\/wp-json\/wp\/v2\/posts\/22797\/revisions\/22800"}],"wp:featuredmedia":[{"embeddable":true,"href":"https:\/\/alertasaltillo.com\/index.php\/wp-json\/wp\/v2\/media\/22799"}],"wp:attachment":[{"href":"https:\/\/alertasaltillo.com\/index.php\/wp-json\/wp\/v2\/media?parent=22797"}],"wp:term":[{"taxonomy":"category","embeddable":true,"href":"https:\/\/alertasaltillo.com\/index.php\/wp-json\/wp\/v2\/categories?post=22797"},{"taxonomy":"post_tag","embeddable":true,"href":"https:\/\/alertasaltillo.com\/index.php\/wp-json\/wp\/v2\/tags?post=22797"}],"curies":[{"name":"wp","href":"https:\/\/api.w.org\/{rel}","templated":true}]}}