{"id":22773,"date":"2026-01-19T15:11:07","date_gmt":"2026-01-19T15:11:07","guid":{"rendered":"https:\/\/alertasaltillo.com\/?p=22773"},"modified":"2026-01-19T15:11:10","modified_gmt":"2026-01-19T15:11:10","slug":"adolescente-se-quita-la-vida-en-saltillo","status":"publish","type":"post","link":"https:\/\/alertasaltillo.com\/index.php\/2026\/01\/19\/adolescente-se-quita-la-vida-en-saltillo\/","title":{"rendered":"ADOLESCENTE SE QUITA LA VIDA EN SALTILLO"},"content":{"rendered":"\n<p><\/p>\n\n\n\n<p>Un adolescente, de 16 a\u00f1os de edad, decidi\u00f3 quietarse la vida la tarde de este domingo al interior de su domicilio, ubicado en la colonia Saltillo 2000.<\/p>\n\n\n\n<p>De acuerdo con la informaci\u00f3n recabada, el menor fue encontrado por sus familiares, quienes de inmediato lo trasladaron en un veh\u00edculo particular a las instalaciones de la Cl\u00ednica Dos del Instituto Mexicano del Seguro Social (IMSS). Sin embargo, al arribar al hospital, el joven ya no presentaba signos vitales.<\/p>\n\n\n\n<p>Elementos de la Fiscal\u00eda General del Estado de Coahuila tomaron conocimiento de los hechos y se entrevistaron con los familiares, quienes se\u00f1alaron que el adolescente padec\u00eda depresi\u00f3n desde hace tiempo.<\/p>\n\n\n\n<p>Tras las diligencias correspondientes, el cuerpo fue trasladado a las instalaciones del Servicio M\u00e9dico Forense (SEMEFO), donde se le practicar\u00e1 la necropsia de ley.\u00a0<\/p>\n\n\n\n<p>Con Informaci\u00f3n Tomada de EL HERALDO DE SALTILLO<\/p>\n","protected":false},"excerpt":{"rendered":"<p>Un adolescente, de 16 a\u00f1os de edad, decidi\u00f3 quietarse la vida la tarde de este domingo al interior de su domicilio, ubicado en la colonia Saltillo 2000. De acuerdo con la informaci\u00f3n recabada, el menor fue encontrado por sus familiares, quienes de inmediato lo trasladaron en un veh\u00edculo particular a las instalaciones de la Cl\u00ednica [&hellip;]<\/p>\n","protected":false},"author":4,"featured_media":22774,"comment_status":"open","ping_status":"open","sticky":false,"template":"","format":"standard","meta":[],"categories":[199],"tags":[],"_links":{"self":[{"href":"https:\/\/alertasaltillo.com\/index.php\/wp-json\/wp\/v2\/posts\/22773"}],"collection":[{"href":"https:\/\/alertasaltillo.com\/index.php\/wp-json\/wp\/v2\/posts"}],"about":[{"href":"https:\/\/alertasaltillo.com\/index.php\/wp-json\/wp\/v2\/types\/post"}],"author":[{"embeddable":true,"href":"https:\/\/alertasaltillo.com\/index.php\/wp-json\/wp\/v2\/users\/4"}],"replies":[{"embeddable":true,"href":"https:\/\/alertasaltillo.com\/index.php\/wp-json\/wp\/v2\/comments?post=22773"}],"version-history":[{"count":1,"href":"https:\/\/alertasaltillo.com\/index.php\/wp-json\/wp\/v2\/posts\/22773\/revisions"}],"predecessor-version":[{"id":22775,"href":"https:\/\/alertasaltillo.com\/index.php\/wp-json\/wp\/v2\/posts\/22773\/revisions\/22775"}],"wp:featuredmedia":[{"embeddable":true,"href":"https:\/\/alertasaltillo.com\/index.php\/wp-json\/wp\/v2\/media\/22774"}],"wp:attachment":[{"href":"https:\/\/alertasaltillo.com\/index.php\/wp-json\/wp\/v2\/media?parent=22773"}],"wp:term":[{"taxonomy":"category","embeddable":true,"href":"https:\/\/alertasaltillo.com\/index.php\/wp-json\/wp\/v2\/categories?post=22773"},{"taxonomy":"post_tag","embeddable":true,"href":"https:\/\/alertasaltillo.com\/index.php\/wp-json\/wp\/v2\/tags?post=22773"}],"curies":[{"name":"wp","href":"https:\/\/api.w.org\/{rel}","templated":true}]}}