{"id":22770,"date":"2026-01-19T15:07:52","date_gmt":"2026-01-19T15:07:52","guid":{"rendered":"https:\/\/alertasaltillo.com\/?p=22770"},"modified":"2026-01-19T15:07:56","modified_gmt":"2026-01-19T15:07:56","slug":"del-26-de-enero-al-6-de-febrero-preinscribe-a-tus-ninas-y-ninos-en-preescolar","status":"publish","type":"post","link":"https:\/\/alertasaltillo.com\/index.php\/2026\/01\/19\/del-26-de-enero-al-6-de-febrero-preinscribe-a-tus-ninas-y-ninos-en-preescolar\/","title":{"rendered":"DEL 26 DE ENERO AL 6 DE FEBRERO, PREINSCRIBE A TUS NI\u00d1AS Y NI\u00d1OS EN PREESCOLAR"},"content":{"rendered":"\n<p><\/p>\n\n\n\n<p>&nbsp;<em>La Secretar\u00eda de Educaci\u00f3n invita a las familias coahuilenses a realizar el registro en tiempo y forma<\/em><\/p>\n\n\n\n<p>Saltillo, Coahuila de Zaragoza; 18 de enero de 2026.\u2013 La Secretar\u00eda de Educaci\u00f3n del Estado (SEDU) inform\u00f3 que del 26 de enero al 6 de febrero se llevar\u00e1 a cabo la primera etapa del proceso de preinscripciones para el ciclo escolar 2026\u20132027, dirigida a los niveles de Educaci\u00f3n Inicial y Preescolar.<\/p>\n\n\n\n<p>El secretario de Educaci\u00f3n, Emanuel Garza Fishburn, destac\u00f3 que esta etapa representa el primer paso en la trayectoria educativa de ni\u00f1as y ni\u00f1os, ya que durante estos a\u00f1os se desarrollan habilidades fundamentales que influyen en su aprendizaje y convivencia futura.<\/p>\n\n\n\n<p>Se\u00f1al\u00f3 que cursar Educaci\u00f3n Inicial y Preescolar fortalece el desarrollo del lenguaje, la motricidad, la creatividad y las habilidades socioemocionales, adem\u00e1s de favorecer la autonom\u00eda, la seguridad y la capacidad de interacci\u00f3n con otras ni\u00f1as y ni\u00f1os. Agreg\u00f3 que el aprendizaje en estos niveles se construye principalmente a trav\u00e9s del juego, la exploraci\u00f3n y la convivencia en entornos seguros y adecuados.<\/p>\n\n\n\n<p>Garza Fishburn subray\u00f3 que realizar la preinscripci\u00f3n en tiempo y forma permite una mejor planeaci\u00f3n de grupos, asignaci\u00f3n de docentes y adecuaci\u00f3n de espacios educativos, lo que se traduce en una atenci\u00f3n oportuna y de calidad desde los primeros a\u00f1os de formaci\u00f3n.<\/p>\n\n\n\n<p>El proceso deber\u00e1 realizarse mediante la aplicaci\u00f3n Preinscripciones Coahuila, disponible en tiendas digitales, as\u00ed como en el portal oficial&nbsp;<a href=\"https:\/\/gaabcdh.r.bh.d.sendibt3.com\/tr\/cl\/MPE0H54vk4hrNctj-nTAcJ5sJ8j-cW4UrMDXJMlxVls-TWdxfjWlRYZcmeGZipFuHCtZrl8Upbs9B-2Y2YpGLHSqsyrEhZNqCMYZbqc3KYy5zoOmBIWWPcgg12kcWGlLt3n5d5t9hZANZQnoJBG1RXGbvil_KHPKLssVJDh3y75B9eDlqrt_b8OQIoZxTpmpjiyWiJkKP1KNSIzRYi6mlRc8RdYPx-6e9QUd6-8u0UEhULdo38lbErMqGO7fQhExh97gK-4Z5rhuJPoPsg\" rel=\"noreferrer noopener\" target=\"_blank\">www.inscripciones.org<\/a><\/p>\n\n\n\n<p>.<\/p>\n\n\n\n<p>Para brindar orientaci\u00f3n y acompa\u00f1amiento a madres, padres de familia y tutores, la Secretar\u00eda de Educaci\u00f3n puso a disposici\u00f3n los tel\u00e9fonos 844 411 88 35, 844 411 88 44 y 844 411 88 00, extensiones 3125 y 3434.<\/p>\n\n\n\n<p>La Secretar\u00eda de Educaci\u00f3n reiter\u00f3 su compromiso de garantizar el derecho a la educaci\u00f3n desde la primera infancia, impulsando procesos ordenados, accesibles e incluyentes que contribuyan al desarrollo integral de ni\u00f1as y ni\u00f1os en Coahuila.<\/p>\n","protected":false},"excerpt":{"rendered":"<p>&nbsp;La Secretar\u00eda de Educaci\u00f3n invita a las familias coahuilenses a realizar el registro en tiempo y forma Saltillo, Coahuila de Zaragoza; 18 de enero de 2026.\u2013 La Secretar\u00eda de Educaci\u00f3n del Estado (SEDU) inform\u00f3 que del 26 de enero al 6 de febrero se llevar\u00e1 a cabo la primera etapa del proceso de preinscripciones para [&hellip;]<\/p>\n","protected":false},"author":4,"featured_media":22771,"comment_status":"open","ping_status":"open","sticky":false,"template":"","format":"standard","meta":[],"categories":[193],"tags":[],"_links":{"self":[{"href":"https:\/\/alertasaltillo.com\/index.php\/wp-json\/wp\/v2\/posts\/22770"}],"collection":[{"href":"https:\/\/alertasaltillo.com\/index.php\/wp-json\/wp\/v2\/posts"}],"about":[{"href":"https:\/\/alertasaltillo.com\/index.php\/wp-json\/wp\/v2\/types\/post"}],"author":[{"embeddable":true,"href":"https:\/\/alertasaltillo.com\/index.php\/wp-json\/wp\/v2\/users\/4"}],"replies":[{"embeddable":true,"href":"https:\/\/alertasaltillo.com\/index.php\/wp-json\/wp\/v2\/comments?post=22770"}],"version-history":[{"count":1,"href":"https:\/\/alertasaltillo.com\/index.php\/wp-json\/wp\/v2\/posts\/22770\/revisions"}],"predecessor-version":[{"id":22772,"href":"https:\/\/alertasaltillo.com\/index.php\/wp-json\/wp\/v2\/posts\/22770\/revisions\/22772"}],"wp:featuredmedia":[{"embeddable":true,"href":"https:\/\/alertasaltillo.com\/index.php\/wp-json\/wp\/v2\/media\/22771"}],"wp:attachment":[{"href":"https:\/\/alertasaltillo.com\/index.php\/wp-json\/wp\/v2\/media?parent=22770"}],"wp:term":[{"taxonomy":"category","embeddable":true,"href":"https:\/\/alertasaltillo.com\/index.php\/wp-json\/wp\/v2\/categories?post=22770"},{"taxonomy":"post_tag","embeddable":true,"href":"https:\/\/alertasaltillo.com\/index.php\/wp-json\/wp\/v2\/tags?post=22770"}],"curies":[{"name":"wp","href":"https:\/\/api.w.org\/{rel}","templated":true}]}}