{"id":22752,"date":"2026-01-19T14:37:19","date_gmt":"2026-01-19T14:37:19","guid":{"rendered":"https:\/\/alertasaltillo.com\/?p=22752"},"modified":"2026-01-19T14:37:21","modified_gmt":"2026-01-19T14:37:21","slug":"vuelven-trafico-y-accidentes","status":"publish","type":"post","link":"https:\/\/alertasaltillo.com\/index.php\/2026\/01\/19\/vuelven-trafico-y-accidentes\/","title":{"rendered":"VUELVEN TR\u00c1FICO Y ACCIDENTES"},"content":{"rendered":"\n<h2>Retoma Saltillo la rutina con el regreso a clases; persisten las distracciones al volante<\/h2>\n\n\n\n<p><strong>Los saltillenses retomaron la vida cotidiana<\/strong>,\u00a0luego de que el lunes y martes el regreso a clases se viera afectado por las bajas temperaturas y la ausencia de alumnos de nivel b\u00e1sico.<\/p>\n\n\n\n<p>Aunque la ma\u00f1ana fue m\u00e1s ben\u00e9vola y el term\u00f3metro marc\u00f3 seis grados,&nbsp;<strong>en el sur de Saltillo los autom\u00f3viles amanecieron con hielo en los parabrisas<\/strong>, consecuencia de una madrugada helada.<\/p>\n\n\n\n<p>Como es costumbre, los automovilistas que circulan por el&nbsp;<strong>perif\u00e9rico Luis Echeverr\u00eda \u00c1lvarez<\/strong>, en sentido&nbsp;<strong>de sur a norte,&nbsp;<\/strong>se encontraron con&nbsp;<strong>largas filas a partir del puente de J. Mery,<\/strong>&nbsp;lo que provoc\u00f3 un avance lento del flujo vehicular.<\/p>\n\n\n\n<p>A esta situaci\u00f3n se sum\u00f3 un<strong>&nbsp;accidente a la altura de la Gran Plaza<\/strong>, donde el conductor de una camioneta tipo van se impact\u00f3 contra una luminaria, afectando adem\u00e1s a otros veh\u00edculos que transitaban por la zona.<\/p>\n\n\n\n<p>Pese a las condiciones clim\u00e1ticas y al tr\u00e1fico intenso en horas pico, muchos conductores contin\u00faan con la pr\u00e1ctica de usar el tel\u00e9fono celular o realizar llamadas mientras manejan, una distracci\u00f3n que incrementa el riesgo de accidentes viales.<\/p>\n\n\n\n<p>Con Informaci\u00f3n Tomada de EL DIARIO DE COAHUILA<\/p>\n\n\n\n<p><\/p>\n","protected":false},"excerpt":{"rendered":"<p>Retoma Saltillo la rutina con el regreso a clases; persisten las distracciones al volante Los saltillenses retomaron la vida cotidiana,\u00a0luego de que el lunes y martes el regreso a clases se viera afectado por las bajas temperaturas y la ausencia de alumnos de nivel b\u00e1sico. Aunque la ma\u00f1ana fue m\u00e1s ben\u00e9vola y el term\u00f3metro marc\u00f3 [&hellip;]<\/p>\n","protected":false},"author":4,"featured_media":22753,"comment_status":"open","ping_status":"open","sticky":false,"template":"","format":"standard","meta":[],"categories":[5],"tags":[],"_links":{"self":[{"href":"https:\/\/alertasaltillo.com\/index.php\/wp-json\/wp\/v2\/posts\/22752"}],"collection":[{"href":"https:\/\/alertasaltillo.com\/index.php\/wp-json\/wp\/v2\/posts"}],"about":[{"href":"https:\/\/alertasaltillo.com\/index.php\/wp-json\/wp\/v2\/types\/post"}],"author":[{"embeddable":true,"href":"https:\/\/alertasaltillo.com\/index.php\/wp-json\/wp\/v2\/users\/4"}],"replies":[{"embeddable":true,"href":"https:\/\/alertasaltillo.com\/index.php\/wp-json\/wp\/v2\/comments?post=22752"}],"version-history":[{"count":1,"href":"https:\/\/alertasaltillo.com\/index.php\/wp-json\/wp\/v2\/posts\/22752\/revisions"}],"predecessor-version":[{"id":22754,"href":"https:\/\/alertasaltillo.com\/index.php\/wp-json\/wp\/v2\/posts\/22752\/revisions\/22754"}],"wp:featuredmedia":[{"embeddable":true,"href":"https:\/\/alertasaltillo.com\/index.php\/wp-json\/wp\/v2\/media\/22753"}],"wp:attachment":[{"href":"https:\/\/alertasaltillo.com\/index.php\/wp-json\/wp\/v2\/media?parent=22752"}],"wp:term":[{"taxonomy":"category","embeddable":true,"href":"https:\/\/alertasaltillo.com\/index.php\/wp-json\/wp\/v2\/categories?post=22752"},{"taxonomy":"post_tag","embeddable":true,"href":"https:\/\/alertasaltillo.com\/index.php\/wp-json\/wp\/v2\/tags?post=22752"}],"curies":[{"name":"wp","href":"https:\/\/api.w.org\/{rel}","templated":true}]}}