{"id":22749,"date":"2026-01-19T14:31:03","date_gmt":"2026-01-19T14:31:03","guid":{"rendered":"https:\/\/alertasaltillo.com\/?p=22749"},"modified":"2026-01-19T14:31:06","modified_gmt":"2026-01-19T14:31:06","slug":"inicia-dif-saltillo-renovacion-del-padron-de-apoyos-economicos-2026","status":"publish","type":"post","link":"https:\/\/alertasaltillo.com\/index.php\/2026\/01\/19\/inicia-dif-saltillo-renovacion-del-padron-de-apoyos-economicos-2026\/","title":{"rendered":"INICIA DIF SALTILLO RENOVACI\u00d3N DEL PADR\u00d3N DE APOYOS ECON\u00d3MICOS 2026"},"content":{"rendered":"\n<p><em>Programa busca apoyar a la poblaci\u00f3n en situaci\u00f3n de vulnerabilidad<\/em><\/p>\n\n\n\n<p>Saltillo, Coahuila de Zaragoza; 17 de enero de 2026.- El DIF Saltillo inici\u00f3 el proceso de renovaci\u00f3n del padr\u00f3n de beneficiarios de Apoyos Econ\u00f3micos para este 2026.<\/p>\n\n\n\n<p>Luly L\u00f3pez Naranjo, presidenta honoraria del organismo, mencion\u00f3 que con este programa se busca apoyar a la poblaci\u00f3n que se encuentra en situaci\u00f3n de vulnerabilidad.<\/p>\n\n\n\n<p>Mencion\u00f3 que los Apoyos Econ\u00f3micos se entregan a un total de 3 mil 800 beneficiarios en tres \u00e1reas: adulto mayor, personas con discapacidad y fortalecimiento social.<\/p>\n\n\n\n<p>\u201cEste programa es de gran ayuda para las y los beneficiarios, ya que con ello pueden solventar gastos de sus necesidades b\u00e1sicas y mejorar su calidad de vida\u201d, dijo la presidenta honoraria del DIF Saltillo.<\/p>\n\n\n\n<p>Luly L\u00f3pez Naranjo mencion\u00f3 que la renovaci\u00f3n del padr\u00f3n se lleva a cabo actualmente en la zona urbana y posteriormente se realizar\u00e1 en la zona rural de Saltillo.<\/p>\n\n\n\n<p>Destac\u00f3 que este proceso tiene como objetivo principal detectar a las personas que realmente se encuentran en una situaci\u00f3n vulnerable y que lo necesitan.<\/p>\n\n\n\n<p>Durante el 2025 se logr\u00f3 beneficiar con el programa de Apoyos Econ\u00f3micos a mil 535 adultos mayores; mil 214 personas con discapacidad; y, en fortalecimiento social, a 942 personas del \u00e1rea urbana y 109 del \u00e1rea rural.<\/p>\n\n\n\n<p><\/p>\n","protected":false},"excerpt":{"rendered":"<p>Programa busca apoyar a la poblaci\u00f3n en situaci\u00f3n de vulnerabilidad Saltillo, Coahuila de Zaragoza; 17 de enero de 2026.- El DIF Saltillo inici\u00f3 el proceso de renovaci\u00f3n del padr\u00f3n de beneficiarios de Apoyos Econ\u00f3micos para este 2026. Luly L\u00f3pez Naranjo, presidenta honoraria del organismo, mencion\u00f3 que con este programa se busca apoyar a la poblaci\u00f3n [&hellip;]<\/p>\n","protected":false},"author":4,"featured_media":22750,"comment_status":"open","ping_status":"open","sticky":false,"template":"","format":"standard","meta":[],"categories":[5],"tags":[],"_links":{"self":[{"href":"https:\/\/alertasaltillo.com\/index.php\/wp-json\/wp\/v2\/posts\/22749"}],"collection":[{"href":"https:\/\/alertasaltillo.com\/index.php\/wp-json\/wp\/v2\/posts"}],"about":[{"href":"https:\/\/alertasaltillo.com\/index.php\/wp-json\/wp\/v2\/types\/post"}],"author":[{"embeddable":true,"href":"https:\/\/alertasaltillo.com\/index.php\/wp-json\/wp\/v2\/users\/4"}],"replies":[{"embeddable":true,"href":"https:\/\/alertasaltillo.com\/index.php\/wp-json\/wp\/v2\/comments?post=22749"}],"version-history":[{"count":1,"href":"https:\/\/alertasaltillo.com\/index.php\/wp-json\/wp\/v2\/posts\/22749\/revisions"}],"predecessor-version":[{"id":22751,"href":"https:\/\/alertasaltillo.com\/index.php\/wp-json\/wp\/v2\/posts\/22749\/revisions\/22751"}],"wp:featuredmedia":[{"embeddable":true,"href":"https:\/\/alertasaltillo.com\/index.php\/wp-json\/wp\/v2\/media\/22750"}],"wp:attachment":[{"href":"https:\/\/alertasaltillo.com\/index.php\/wp-json\/wp\/v2\/media?parent=22749"}],"wp:term":[{"taxonomy":"category","embeddable":true,"href":"https:\/\/alertasaltillo.com\/index.php\/wp-json\/wp\/v2\/categories?post=22749"},{"taxonomy":"post_tag","embeddable":true,"href":"https:\/\/alertasaltillo.com\/index.php\/wp-json\/wp\/v2\/tags?post=22749"}],"curies":[{"name":"wp","href":"https:\/\/api.w.org\/{rel}","templated":true}]}}