{"id":22743,"date":"2026-01-17T22:45:24","date_gmt":"2026-01-17T22:45:24","guid":{"rendered":"https:\/\/alertasaltillo.com\/?p=22743"},"modified":"2026-01-17T22:45:26","modified_gmt":"2026-01-17T22:45:26","slug":"entrega-mejora-coahuila-autobus-escolar-para-las-comunidades-rurales-de-general-cepeda","status":"publish","type":"post","link":"https:\/\/alertasaltillo.com\/index.php\/2026\/01\/17\/entrega-mejora-coahuila-autobus-escolar-para-las-comunidades-rurales-de-general-cepeda\/","title":{"rendered":"ENTREGA MEJORA COAHUILA AUTOB\u00daS ESCOLAR PARA LAS COMUNIDADES RURALES DE GENERAL CEPEDA"},"content":{"rendered":"\n<p><\/p>\n\n\n\n<p>&nbsp;&nbsp;<em>Para garantizar un traslado seguro y digno de la comunidad educativa de General Cepeda, se llev\u00f3 a cabo la entrega de un autob\u00fas escolar, en beneficio de las familias de diversos&nbsp;&nbsp;ejidos.&nbsp;<\/em><\/p>\n\n\n\n<p>General Cepeda, Coahuila, 16 de enero de 2026.\u2013 Con el objetivo de fortalecer la seguridad y el acceso a la educaci\u00f3n de ni\u00f1as, ni\u00f1os, llegando a cada colonia, barrio y ejido, el Gobierno del Estado de Coahuila, que encabeza Manolo Jim\u00e9nez Salinas, a trav\u00e9s de Mejora Coahuila, que coordina Gabriel Elizondo P\u00e9rez, realiz\u00f3 la entrega de un autob\u00fas escolar para la zona rural del municipio de General Cepeda.&nbsp;<\/p>\n\n\n\n<p>Este transporte escolar beneficiar\u00e1 directamente a estudiantes de los ejidos Macuy\u00fa, Alamitos, Presa de Guadalupe, Dos de Abril y El Tejocote, impactando positivamente a 354 familias de la regi\u00f3n.<\/p>\n\n\n\n<p>La entrega del autob\u00fas representa un avance significativo en la seguridad de los menores, quienes diariamente recorren largos tramos para llegar a sus planteles educativos, garantizando ahora un traslado seguro y digno.&nbsp;<\/p>\n\n\n\n<p>Durante el evento, el coordinador de Mejora Coahuila, Gabriel Elizondo P\u00e9rez, mencion\u00f3 que se trabaja en conjunto para llevar m\u00e1s beneficios a quienes lo necesitan.&nbsp;<\/p>\n\n\n\n<p>\u201cQue quede claro que en este 2026 seguiremos trabajando cercanos a la gente, refrendamos el compromiso y la confianza cumpliendo con trabajo y m\u00e1s programas para todas y todos los coahuilenses, porque aqu\u00ed trabajamos en equipo. Sabemos que en el campo el camino a la escuela no siempre es f\u00e1cil, hay fr\u00edo, hay lluvia, hay cansancio,pero tambi\u00e9n hay ganas de aprender.\u201d&nbsp;<\/p>\n\n\n\n<p>Por su parte, la alcaldesa de General Cepeda, Mayra Ramos agradeci\u00f3 al gobernador Manolo Jim\u00e9nez Salinas por su compromiso firme con la educaci\u00f3n, se\u00f1alando que esta acci\u00f3n fue resultado de una solicitud que fue hecha por madres de familia.&nbsp;<\/p>\n\n\n\n<p>\u201cHoy vemos resultados claros, a la vista de todos, gracias por el apoyo, por el trabajo que realizan en cada rinc\u00f3n de Coahuila\u201d. Expres\u00f3 la&nbsp;&nbsp;edil.&nbsp;<\/p>\n\n\n\n<p>Al inicio del ciclo escolar 2025\u20132026, el Gobierno del Estado, puso en marcha la entrega de paquetes de \u00fatiles escolares, uniformes y otros apoyos a estudiantes en toda la entidad, as\u00ed como camiones de transporte como parte del arranque oficial del ciclo escolar.&nbsp;<\/p>\n\n\n\n<p>En el evento estuvieron presentes, Jos\u00e9 Mar\u00eda \u201cChema\u201d Morales Padilla, Administrador Fiscal General de Coahuila, Ignacio Castillo C\u00e1rabes, Subsecretario de Vinculaci\u00f3n y Servicios Educativos; Hugo Iv\u00e1n Lozano S\u00e1nchez, Subsecretario de Educaci\u00f3n B\u00e1sica; Julio Long Hern\u00e1ndez, Director General del ICIFED; Everardo Dur\u00e1n Flores, Delegado Regional de MEJORA en la Regi\u00f3n Sureste, as\u00ed como equipo Mejora.<\/p>\n","protected":false},"excerpt":{"rendered":"<p>&nbsp;&nbsp;Para garantizar un traslado seguro y digno de la comunidad educativa de General Cepeda, se llev\u00f3 a cabo la entrega de un autob\u00fas escolar, en beneficio de las familias de diversos&nbsp;&nbsp;ejidos.&nbsp; General Cepeda, Coahuila, 16 de enero de 2026.\u2013 Con el objetivo de fortalecer la seguridad y el acceso a la educaci\u00f3n de ni\u00f1as, ni\u00f1os, [&hellip;]<\/p>\n","protected":false},"author":4,"featured_media":22744,"comment_status":"open","ping_status":"open","sticky":false,"template":"","format":"standard","meta":[],"categories":[193],"tags":[],"_links":{"self":[{"href":"https:\/\/alertasaltillo.com\/index.php\/wp-json\/wp\/v2\/posts\/22743"}],"collection":[{"href":"https:\/\/alertasaltillo.com\/index.php\/wp-json\/wp\/v2\/posts"}],"about":[{"href":"https:\/\/alertasaltillo.com\/index.php\/wp-json\/wp\/v2\/types\/post"}],"author":[{"embeddable":true,"href":"https:\/\/alertasaltillo.com\/index.php\/wp-json\/wp\/v2\/users\/4"}],"replies":[{"embeddable":true,"href":"https:\/\/alertasaltillo.com\/index.php\/wp-json\/wp\/v2\/comments?post=22743"}],"version-history":[{"count":1,"href":"https:\/\/alertasaltillo.com\/index.php\/wp-json\/wp\/v2\/posts\/22743\/revisions"}],"predecessor-version":[{"id":22745,"href":"https:\/\/alertasaltillo.com\/index.php\/wp-json\/wp\/v2\/posts\/22743\/revisions\/22745"}],"wp:featuredmedia":[{"embeddable":true,"href":"https:\/\/alertasaltillo.com\/index.php\/wp-json\/wp\/v2\/media\/22744"}],"wp:attachment":[{"href":"https:\/\/alertasaltillo.com\/index.php\/wp-json\/wp\/v2\/media?parent=22743"}],"wp:term":[{"taxonomy":"category","embeddable":true,"href":"https:\/\/alertasaltillo.com\/index.php\/wp-json\/wp\/v2\/categories?post=22743"},{"taxonomy":"post_tag","embeddable":true,"href":"https:\/\/alertasaltillo.com\/index.php\/wp-json\/wp\/v2\/tags?post=22743"}],"curies":[{"name":"wp","href":"https:\/\/api.w.org\/{rel}","templated":true}]}}