{"id":22728,"date":"2026-01-17T22:02:47","date_gmt":"2026-01-17T22:02:47","guid":{"rendered":"https:\/\/alertasaltillo.com\/?p=22728"},"modified":"2026-01-17T22:02:49","modified_gmt":"2026-01-17T22:02:49","slug":"suman-538-muertes-por-protestas-en-iran-denuncian-activistas","status":"publish","type":"post","link":"https:\/\/alertasaltillo.com\/index.php\/2026\/01\/17\/suman-538-muertes-por-protestas-en-iran-denuncian-activistas\/","title":{"rendered":"SUMAN 538 MUERTES POR PROTESTAS EN IR\u00c1N, DENUNCIAN ACTIVISTAS"},"content":{"rendered":"\n<p><\/p>\n\n\n\n<p><strong>El presidente estadounidense Donald Trump ofreci\u00f3 su apoyo a los manifestantes, diciendo en las redes sociales que \u201cIr\u00e1n est\u00e1 mirando a la LIBERTAD, quiz\u00e1s como nunca antes. \u00a1\u00a1\u00a1Estados Unidos est\u00e1 listo para ayudar!!!\u201d<\/strong><\/p>\n\n\n\n<p>DUB\u00c1I, Emiratos \u00c1rabes Unidos (AP) \u2014 La represi\u00f3n a las protestas a nivel nacional en Ir\u00e1n ha dejado al menos 538 muertos y se teme que haya a\u00fan m\u00e1s fallecidos, dijeron activistas el domingo, mientras Teher\u00e1n advirti\u00f3 que el ej\u00e9rcito estadounidense e Israel ser\u00edan \u201cobjetivos leg\u00edtimos\u201d si Estados Unidos usa la fuerza para proteger a los manifestantes.<\/p>\n\n\n\n<p>M\u00e1s de 10 mil 600 personas han sido detenidas durante las dos semanas de protestas, seg\u00fan la Agencia de Noticias de Activistas de Derechos Humanos, una organizaci\u00f3n con sede en Estados Unidos que basa sus datos basa en activistas en Ir\u00e1n que verifican la informaci\u00f3n. La agencia ha sido precisa en rondas anteriores de disturbios en el pa\u00eds.<\/p>\n\n\n\n<p>Con Informaci\u00f3n Tomada de PROCESO<\/p>\n","protected":false},"excerpt":{"rendered":"<p>El presidente estadounidense Donald Trump ofreci\u00f3 su apoyo a los manifestantes, diciendo en las redes sociales que \u201cIr\u00e1n est\u00e1 mirando a la LIBERTAD, quiz\u00e1s como nunca antes. \u00a1\u00a1\u00a1Estados Unidos est\u00e1 listo para ayudar!!!\u201d DUB\u00c1I, Emiratos \u00c1rabes Unidos (AP) \u2014 La represi\u00f3n a las protestas a nivel nacional en Ir\u00e1n ha dejado al menos 538 muertos [&hellip;]<\/p>\n","protected":false},"author":4,"featured_media":22729,"comment_status":"open","ping_status":"open","sticky":false,"template":"","format":"standard","meta":[],"categories":[186],"tags":[],"_links":{"self":[{"href":"https:\/\/alertasaltillo.com\/index.php\/wp-json\/wp\/v2\/posts\/22728"}],"collection":[{"href":"https:\/\/alertasaltillo.com\/index.php\/wp-json\/wp\/v2\/posts"}],"about":[{"href":"https:\/\/alertasaltillo.com\/index.php\/wp-json\/wp\/v2\/types\/post"}],"author":[{"embeddable":true,"href":"https:\/\/alertasaltillo.com\/index.php\/wp-json\/wp\/v2\/users\/4"}],"replies":[{"embeddable":true,"href":"https:\/\/alertasaltillo.com\/index.php\/wp-json\/wp\/v2\/comments?post=22728"}],"version-history":[{"count":1,"href":"https:\/\/alertasaltillo.com\/index.php\/wp-json\/wp\/v2\/posts\/22728\/revisions"}],"predecessor-version":[{"id":22730,"href":"https:\/\/alertasaltillo.com\/index.php\/wp-json\/wp\/v2\/posts\/22728\/revisions\/22730"}],"wp:featuredmedia":[{"embeddable":true,"href":"https:\/\/alertasaltillo.com\/index.php\/wp-json\/wp\/v2\/media\/22729"}],"wp:attachment":[{"href":"https:\/\/alertasaltillo.com\/index.php\/wp-json\/wp\/v2\/media?parent=22728"}],"wp:term":[{"taxonomy":"category","embeddable":true,"href":"https:\/\/alertasaltillo.com\/index.php\/wp-json\/wp\/v2\/categories?post=22728"},{"taxonomy":"post_tag","embeddable":true,"href":"https:\/\/alertasaltillo.com\/index.php\/wp-json\/wp\/v2\/tags?post=22728"}],"curies":[{"name":"wp","href":"https:\/\/api.w.org\/{rel}","templated":true}]}}