{"id":22725,"date":"2026-01-17T21:57:57","date_gmt":"2026-01-17T21:57:57","guid":{"rendered":"https:\/\/alertasaltillo.com\/?p=22725"},"modified":"2026-01-17T21:57:59","modified_gmt":"2026-01-17T21:57:59","slug":"firma-javier-diaz-carta-compromiso-en-materia-de-derechos-humanos","status":"publish","type":"post","link":"https:\/\/alertasaltillo.com\/index.php\/2026\/01\/17\/firma-javier-diaz-carta-compromiso-en-materia-de-derechos-humanos\/","title":{"rendered":"FIRMA JAVIER D\u00cdAZ CARTA COMPROMISO EN MATERIA DE DERECHOS HUMANOS"},"content":{"rendered":"\n<p><\/p>\n\n\n\n<p>Saltillo, Coahuila de Zaragoza; 16 de enero de 2026.- El alcalde Javier D\u00edaz Gonz\u00e1lez firm\u00f3 una carta compromiso en materia de Derechos Humanos, con el objetivo de establecer una colaboraci\u00f3n institucional para promover, proteger y garantizar el respeto a los derechos humanos en la ciudad.<\/p>\n\n\n\n<p>Dicha carta fue firmada junto con Jos\u00e9 \u00c1ngel Rodr\u00edguez Canales, presidente de la Comisi\u00f3n de los Derechos Humanos del Estado de Coahuila, organismo con el que se implementar\u00e1n acciones conjuntas, programas de capacitaci\u00f3n, difusi\u00f3n de informaci\u00f3n, as\u00ed como mecanismos de atenci\u00f3n y soluci\u00f3n de quejas relacionadas con posibles vulneraciones a los derechos fundamentales de la ciudadan\u00eda.<\/p>\n\n\n\n<p>El alcalde Javier D\u00edaz Gonz\u00e1lez reiter\u00f3 su compromiso de trabajar para garantizar los derechos de las y los saltillenses y mejorar su calidad de vida.<\/p>\n\n\n\n<p>\u201cEstamos en la mejor disposici\u00f3n de firmar esta carta compromiso. Estaremos muy al pendiente de que el actuar de nuestra administraci\u00f3n siempre sea en beneficio de la ciudadan\u00eda y que, en conjunto, podamos seguir construyendo la grandeza de Saltillo\u201d, expres\u00f3 el Presidente Municipal.<\/p>\n\n\n\n<p>A\u00f1adi\u00f3 que, con este acuerdo, se fortalecen las acciones alineadas a la Agenda 2030 para construir un Saltillo m\u00e1s justo.<\/p>\n\n\n\n<p>Entre los compromisos que se incluyen destacan el respeto al derecho a la integridad y seguridad personal; a la igualdad, no discriminaci\u00f3n y trato digno; a la libertad; a la legalidad y seguridad jur\u00eddica; a la propiedad y posesi\u00f3n; a la privacidad; a los derechos sociales de ejercicio individual; y a los derechos colectivos.<\/p>\n\n\n\n<p>Por su parte, Jos\u00e9 \u00c1ngel Rodr\u00edguez Canales, presidente de la Comisi\u00f3n de los Derechos Humanos del Estado de Coahuila, destac\u00f3 la importancia de establecer una unidad de enlace con la capital del estado, a la que calific\u00f3 como l\u00edder en diversos temas.<\/p>\n\n\n\n<p>\u201cReconozco la voluntad y el trabajo de muchos funcionarios para construir una sociedad m\u00e1s justa, basada en el respeto a los dem\u00e1s. Todo esfuerzo va a repercutir en una mejor sociedad; esta es una gran alianza de trabajo que beneficiar\u00e1 a miles de saltillenses\u201d, se\u00f1al\u00f3.<\/p>\n\n\n\n<p>Durante la firma de la carta compromiso estuvieron presentes Francisco Saracho Navarro, secretario del Ayuntamiento; Karla Daniela Ramos Mac\u00edas, regidora presidenta de la Comisi\u00f3n de Derechos Humanos y Grupos Vulnerables; y Carlos Kalionchis Reyes, regidor integrante de la misma Comisi\u00f3n.<\/p>\n","protected":false},"excerpt":{"rendered":"<p>Saltillo, Coahuila de Zaragoza; 16 de enero de 2026.- El alcalde Javier D\u00edaz Gonz\u00e1lez firm\u00f3 una carta compromiso en materia de Derechos Humanos, con el objetivo de establecer una colaboraci\u00f3n institucional para promover, proteger y garantizar el respeto a los derechos humanos en la ciudad. Dicha carta fue firmada junto con Jos\u00e9 \u00c1ngel Rodr\u00edguez Canales, [&hellip;]<\/p>\n","protected":false},"author":4,"featured_media":22726,"comment_status":"open","ping_status":"open","sticky":false,"template":"","format":"standard","meta":[],"categories":[5],"tags":[],"_links":{"self":[{"href":"https:\/\/alertasaltillo.com\/index.php\/wp-json\/wp\/v2\/posts\/22725"}],"collection":[{"href":"https:\/\/alertasaltillo.com\/index.php\/wp-json\/wp\/v2\/posts"}],"about":[{"href":"https:\/\/alertasaltillo.com\/index.php\/wp-json\/wp\/v2\/types\/post"}],"author":[{"embeddable":true,"href":"https:\/\/alertasaltillo.com\/index.php\/wp-json\/wp\/v2\/users\/4"}],"replies":[{"embeddable":true,"href":"https:\/\/alertasaltillo.com\/index.php\/wp-json\/wp\/v2\/comments?post=22725"}],"version-history":[{"count":1,"href":"https:\/\/alertasaltillo.com\/index.php\/wp-json\/wp\/v2\/posts\/22725\/revisions"}],"predecessor-version":[{"id":22727,"href":"https:\/\/alertasaltillo.com\/index.php\/wp-json\/wp\/v2\/posts\/22725\/revisions\/22727"}],"wp:featuredmedia":[{"embeddable":true,"href":"https:\/\/alertasaltillo.com\/index.php\/wp-json\/wp\/v2\/media\/22726"}],"wp:attachment":[{"href":"https:\/\/alertasaltillo.com\/index.php\/wp-json\/wp\/v2\/media?parent=22725"}],"wp:term":[{"taxonomy":"category","embeddable":true,"href":"https:\/\/alertasaltillo.com\/index.php\/wp-json\/wp\/v2\/categories?post=22725"},{"taxonomy":"post_tag","embeddable":true,"href":"https:\/\/alertasaltillo.com\/index.php\/wp-json\/wp\/v2\/tags?post=22725"}],"curies":[{"name":"wp","href":"https:\/\/api.w.org\/{rel}","templated":true}]}}