{"id":22716,"date":"2026-01-17T21:43:35","date_gmt":"2026-01-17T21:43:35","guid":{"rendered":"https:\/\/alertasaltillo.com\/?p=22716"},"modified":"2026-01-17T21:43:38","modified_gmt":"2026-01-17T21:43:38","slug":"entrega-gobierno-municipal-reconocimientos-a-prestadores-de-servicio-social","status":"publish","type":"post","link":"https:\/\/alertasaltillo.com\/index.php\/2026\/01\/17\/entrega-gobierno-municipal-reconocimientos-a-prestadores-de-servicio-social\/","title":{"rendered":"ENTREGA GOBIERNO MUNICIPAL RECONOCIMIENTOS A PRESTADORES DE SERVICIO SOCIAL"},"content":{"rendered":"\n<p><em>Acto de cierre, agradecimiento y valoraci\u00f3n al esfuerzo, la responsabilidad y el compromiso social<\/em><\/p>\n\n\n\n<p>Saltillo, Coahuila de Zaragoza; 16 de enero de 2026.- A nombre del alcalde Javier D\u00edaz Gonz\u00e1lez, el director del Instituto Municipal de la Juventud, Abraham Ram\u00edrez Espinoza, encabez\u00f3 la ceremonia de entrega de reconocimientos a estudiantes que cumplieron con su servicio social en programas y acciones emprendidas por el Gobierno Municipal de Saltillo.<\/p>\n\n\n\n<p>En total, se entregaron 120 reconocimientos a alumnas y alumnos de diferentes instituciones educativas, quienes aportaron su tiempo, esfuerzo y compromiso en acciones a favor de una mejor comunidad.<\/p>\n\n\n\n<p>\u201cEl alcalde Javier D\u00edaz Gonz\u00e1lez agradece el apoyo de las y los j\u00f3venes que participaron en los programas de servicio social que puso a disposici\u00f3n el Gobierno Municipal de Saltillo; est\u00e1 convencido de que el trabajo en equipo da como resultado una mejor comunidad\u201d, afirm\u00f3 el director del Instituto Municipal de la Juventud.<\/p>\n\n\n\n<p>Ram\u00edrez Espinoza se\u00f1al\u00f3 que las y los j\u00f3venes no solo cumplieron con un requisito acad\u00e9mico, sino que participaron en acciones de alto impacto social que fortalecieron el tejido comunitario y contribuyeron a mejorar su entorno.<\/p>\n\n\n\n<p>Por su parte, la regidora presidenta de la Comisi\u00f3n de Juventud, Yajaira Margarita Briones Aguilar, coment\u00f3 que a trav\u00e9s de estos reconocimientos se busca visibilizar el esfuerzo y la dedicaci\u00f3n demostrados durante el periodo en el que prestaron su servicio.<\/p>\n\n\n\n<p>\u201cEste reconocimiento representa un espacio para reforzar el sentido de pertenencia y motivarlos a seguir participando en acciones comunitarias, ya que su trabajo s\u00ed impacta en cambios reales y de beneficio para la sociedad\u201d, apunt\u00f3 Briones Aguilar.<\/p>\n\n\n\n<p>La coordinadora de Vinculaci\u00f3n de la Facultad de Jurisprudencia, Arantxa Garza Garza, en representaci\u00f3n del director Alfonso Y\u00e1\u00f1ez Arreola, agradeci\u00f3 al alcalde Javier D\u00edaz Gonz\u00e1lez y al Gobierno Municipal por brindar espacios para que las y los estudiantes puedan involucrarse activamente con su comunidad.<\/p>\n\n\n\n<p>Finalmente, a nombre de las y los alumnos prestadores de servicio social, Karen Janeth Arriaga Garc\u00eda comparti\u00f3 su experiencia, la cual calific\u00f3 como positiva y de gran aprendizaje tanto personal como profesional.<\/p>\n\n\n\n<p>En el evento estuvieron presentes el coordinador de Servicio Social del Instituto Tecnol\u00f3gico, Edgar Eduardo L\u00f3pez L\u00f3pez; la coordinadora de Servicio Social de la Universidad Carolina, Arleth Sof\u00eda Ferrer Estrada; as\u00ed como las y los prestadores de servicio social que recibieron su reconocimiento.<\/p>\n\n\n\n<p><\/p>\n","protected":false},"excerpt":{"rendered":"<p>Acto de cierre, agradecimiento y valoraci\u00f3n al esfuerzo, la responsabilidad y el compromiso social Saltillo, Coahuila de Zaragoza; 16 de enero de 2026.- A nombre del alcalde Javier D\u00edaz Gonz\u00e1lez, el director del Instituto Municipal de la Juventud, Abraham Ram\u00edrez Espinoza, encabez\u00f3 la ceremonia de entrega de reconocimientos a estudiantes que cumplieron con su servicio [&hellip;]<\/p>\n","protected":false},"author":4,"featured_media":22717,"comment_status":"open","ping_status":"open","sticky":false,"template":"","format":"standard","meta":[],"categories":[5],"tags":[],"_links":{"self":[{"href":"https:\/\/alertasaltillo.com\/index.php\/wp-json\/wp\/v2\/posts\/22716"}],"collection":[{"href":"https:\/\/alertasaltillo.com\/index.php\/wp-json\/wp\/v2\/posts"}],"about":[{"href":"https:\/\/alertasaltillo.com\/index.php\/wp-json\/wp\/v2\/types\/post"}],"author":[{"embeddable":true,"href":"https:\/\/alertasaltillo.com\/index.php\/wp-json\/wp\/v2\/users\/4"}],"replies":[{"embeddable":true,"href":"https:\/\/alertasaltillo.com\/index.php\/wp-json\/wp\/v2\/comments?post=22716"}],"version-history":[{"count":1,"href":"https:\/\/alertasaltillo.com\/index.php\/wp-json\/wp\/v2\/posts\/22716\/revisions"}],"predecessor-version":[{"id":22718,"href":"https:\/\/alertasaltillo.com\/index.php\/wp-json\/wp\/v2\/posts\/22716\/revisions\/22718"}],"wp:featuredmedia":[{"embeddable":true,"href":"https:\/\/alertasaltillo.com\/index.php\/wp-json\/wp\/v2\/media\/22717"}],"wp:attachment":[{"href":"https:\/\/alertasaltillo.com\/index.php\/wp-json\/wp\/v2\/media?parent=22716"}],"wp:term":[{"taxonomy":"category","embeddable":true,"href":"https:\/\/alertasaltillo.com\/index.php\/wp-json\/wp\/v2\/categories?post=22716"},{"taxonomy":"post_tag","embeddable":true,"href":"https:\/\/alertasaltillo.com\/index.php\/wp-json\/wp\/v2\/tags?post=22716"}],"curies":[{"name":"wp","href":"https:\/\/api.w.org\/{rel}","templated":true}]}}