{"id":22710,"date":"2026-01-17T21:34:34","date_gmt":"2026-01-17T21:34:34","guid":{"rendered":"https:\/\/alertasaltillo.com\/?p=22710"},"modified":"2026-01-17T21:34:37","modified_gmt":"2026-01-17T21:34:37","slug":"detienen-a-guardias-de-ferromex-por-homicidio-de-joven-en-barroteran","status":"publish","type":"post","link":"https:\/\/alertasaltillo.com\/index.php\/2026\/01\/17\/detienen-a-guardias-de-ferromex-por-homicidio-de-joven-en-barroteran\/","title":{"rendered":"DETIENEN A GUARDIAS DE FERROMEX POR HOMICIDIO DE JOVEN EN BARROTERAN"},"content":{"rendered":"\n<p><\/p>\n\n\n\n<h2>Captura Fiscal\u00eda de Coahuila a dos vigilantes se\u00f1alados como responsables de la muerte de un hombre<\/h2>\n\n\n\n<p>La Fiscal\u00eda General del Estado de Coahuila inform\u00f3 sobre la detenci\u00f3n de dos guardias de seguridad de la empresa Ferromex, se\u00f1alados como presuntos responsables del homicidio de un joven de 27 a\u00f1os, originario del municipio de Frontera.<\/p>\n\n\n\n<p>La v\u00edctima fue identificada como Giovanni N cuyo cuerpo fue localizado en las inmediaciones de Estaci\u00f3n Barroter\u00e1n, perteneciente al municipio de M\u00fazquiz, hecho que dio inicio a una carpeta de investigaci\u00f3n por parte de las autoridades.<\/p>\n\n\n\n<p>De acuerdo con la informaci\u00f3n oficial, el joven fue sorprendido por los ahora detenidos cuando presuntamente sustra\u00eda material de la v\u00eda f\u00e9rrea.<\/p>\n\n\n\n<p>Tras las indagatorias realizadas, elementos de diversas corporaciones lograron identificar y detener a los presuntos responsables.<\/p>\n\n\n\n<p>La Fiscal\u00eda General del Estado se\u00f1al\u00f3 que, aunque las detenciones ya se realizaron, la carpeta de investigaci\u00f3n contin\u00faa abierta, con el objetivo de esclarecer plenamente las circunstancias en las que ocurri\u00f3 el fallecimiento del joven, sin que hasta el momento se hayan dado a conocer detalles precisos sobre la causa de la muerte.<\/p>\n\n\n\n<p>El caso gener\u00f3 consternaci\u00f3n en la comunidad fronterense, mientras las autoridades reiteraron que las investigaciones seguir\u00e1n su curso conforme a la ley para el esclarecimiento total de los hechos.<\/p>\n\n\n\n<p>Con Informaci\u00f3n Tomada de EL DIARIO DE COAHUILA<\/p>\n","protected":false},"excerpt":{"rendered":"<p>Captura Fiscal\u00eda de Coahuila a dos vigilantes se\u00f1alados como responsables de la muerte de un hombre La Fiscal\u00eda General del Estado de Coahuila inform\u00f3 sobre la detenci\u00f3n de dos guardias de seguridad de la empresa Ferromex, se\u00f1alados como presuntos responsables del homicidio de un joven de 27 a\u00f1os, originario del municipio de Frontera. La v\u00edctima [&hellip;]<\/p>\n","protected":false},"author":4,"featured_media":22711,"comment_status":"open","ping_status":"open","sticky":false,"template":"","format":"standard","meta":[],"categories":[199],"tags":[],"_links":{"self":[{"href":"https:\/\/alertasaltillo.com\/index.php\/wp-json\/wp\/v2\/posts\/22710"}],"collection":[{"href":"https:\/\/alertasaltillo.com\/index.php\/wp-json\/wp\/v2\/posts"}],"about":[{"href":"https:\/\/alertasaltillo.com\/index.php\/wp-json\/wp\/v2\/types\/post"}],"author":[{"embeddable":true,"href":"https:\/\/alertasaltillo.com\/index.php\/wp-json\/wp\/v2\/users\/4"}],"replies":[{"embeddable":true,"href":"https:\/\/alertasaltillo.com\/index.php\/wp-json\/wp\/v2\/comments?post=22710"}],"version-history":[{"count":1,"href":"https:\/\/alertasaltillo.com\/index.php\/wp-json\/wp\/v2\/posts\/22710\/revisions"}],"predecessor-version":[{"id":22712,"href":"https:\/\/alertasaltillo.com\/index.php\/wp-json\/wp\/v2\/posts\/22710\/revisions\/22712"}],"wp:featuredmedia":[{"embeddable":true,"href":"https:\/\/alertasaltillo.com\/index.php\/wp-json\/wp\/v2\/media\/22711"}],"wp:attachment":[{"href":"https:\/\/alertasaltillo.com\/index.php\/wp-json\/wp\/v2\/media?parent=22710"}],"wp:term":[{"taxonomy":"category","embeddable":true,"href":"https:\/\/alertasaltillo.com\/index.php\/wp-json\/wp\/v2\/categories?post=22710"},{"taxonomy":"post_tag","embeddable":true,"href":"https:\/\/alertasaltillo.com\/index.php\/wp-json\/wp\/v2\/tags?post=22710"}],"curies":[{"name":"wp","href":"https:\/\/api.w.org\/{rel}","templated":true}]}}