{"id":22698,"date":"2026-01-17T21:21:43","date_gmt":"2026-01-17T21:21:43","guid":{"rendered":"https:\/\/alertasaltillo.com\/?p=22698"},"modified":"2026-01-17T21:21:45","modified_gmt":"2026-01-17T21:21:45","slug":"mejora-javier-diaz-movilidad-delimita-carriles-viales-del-lea","status":"publish","type":"post","link":"https:\/\/alertasaltillo.com\/index.php\/2026\/01\/17\/mejora-javier-diaz-movilidad-delimita-carriles-viales-del-lea\/","title":{"rendered":"MEJORA JAVIER D\u00cdAZ MOVILIDAD; DELIMITA CARRILES VIALES DEL LEA"},"content":{"rendered":"\n<p><\/p>\n\n\n\n<p><em>Promueve Gobierno de Saltillo el respeto a las normas de tr\u00e1nsito y facilita la convivencia entre los distintos tipos de veh\u00edculos<\/em><\/p>\n\n\n\n<p><em>Interviene \u201cAqu\u00ed Andamos\u201d \u00e1reas verdes y plazas p\u00fablicas por toda la ciudad<\/em><\/p>\n\n\n\n<p>Saltillo, Coahuila de Zaragoza; 16 de enero de 2026.- Con el objetivo de fortalecer la seguridad vial y optimizar la movilidad urbana, el alcalde de Saltillo, Javier D\u00edaz Gonz\u00e1lez, instruy\u00f3 los trabajos de delimitaci\u00f3n de los carriles centrales en diversas vialidades de la ciudad, como parte de una estrategia integral para ordenar la circulaci\u00f3n y mejorar la movilidad de las familias saltillenses.<\/p>\n\n\n\n<p>Con el apoyo del gobernador Manolo Jim\u00e9nez Salinas, brigadas del programa \u201cAqu\u00ed Andamos\u201d trabajaron en la aplicaci\u00f3n de pintura blanca con reflejante para delimitar los carriles viales del perif\u00e9rico Luis Echeverr\u00eda \u00c1lvarez, en el tramo comprendido entre la calle Prolongaci\u00f3n Francisco de Urdi\u00f1ola y la Calzada Antonio Narro, al sur de la ciudad.<\/p>\n\n\n\n<p>Estas acciones permiten brindar mayor certidumbre a las y los automovilistas, al definir de manera clara los espacios de circulaci\u00f3n, lo que disminuye maniobras riesgosas, invasiones de carril y conflictos viales, especialmente en tramos de alta afluencia vehicular.<\/p>\n\n\n\n<p>El alcalde Javier D\u00edaz destac\u00f3 que la correcta se\u00f1alizaci\u00f3n de los carriles centrales contribuye a mejorar la fluidez del tr\u00e1nsito, al evitar cuellos de botella y agilizar los traslados durante las horas pico, adem\u00e1s de favorecer una movilidad m\u00e1s eficiente para quienes se desplazan diariamente por las principales avenidas de Saltillo.<\/p>\n\n\n\n<p>Asimismo, inform\u00f3 que estas acciones se intensifican en distintos puntos de la ciudad, como los bulevares Francisco Coss, Fundadores, Venustiano Carranza, Luis Donaldo Colosio, Mirasierra, Prolongaci\u00f3n Francisco de Urdi\u00f1ola, Emilio Arizpe de la Maza, Antonio C\u00e1rdenas, as\u00ed como en las calzadas Antonio Narro y Francisco I. Madero, entre otras vialidades.<\/p>\n\n\n\n<p>De manera complementaria, y para incrementar la seguridad de peatones y automovilistas, personal de la Direcci\u00f3n de Servicios P\u00fablicos intensific\u00f3 los trabajos de limpieza general y deshierbe del camell\u00f3n central de la calle Prolongaci\u00f3n Francisco de Urdi\u00f1ola, en el tramo comprendido entre el perif\u00e9rico Luis Echeverr\u00eda \u00c1lvarez y el bulevar Emilio Arizpe de la Maza.<\/p>\n\n\n\n<p>Estas labores tienen como prop\u00f3sito ofrecer entornos m\u00e1s seguros, ordenados y con mejor calidad de vida para las y los saltillenses, as\u00ed como para quienes visitan la ciudad.<\/p>\n\n\n\n<p>Acciones en favor de la ciudadan\u00eda<\/p>\n\n\n\n<p>Con el fin de salvaguardar la integridad de las familias, especialmente de quienes habitan en zonas cercanas a cauces naturales de agua, el Gobierno Municipal contin\u00faa con los trabajos de atenci\u00f3n, limpieza y retiro de maleza y basura en distintos puntos de la ciudad.<\/p>\n\n\n\n<p>Este jueves, cuadrillas de la Direcci\u00f3n de Medio Ambiente y Desarrollo Sustentable intervinieron el arroyo Los Ojitos, en el tramo ubicado en el cruce de la Avenida Universidad y la calle Candela, en la colonia Rep\u00fablica Poniente.<\/p>\n\n\n\n<p>Atendiendo peticiones ciudadanas realizadas a trav\u00e9s del Chat Bot \u201cSaltillo F\u00e1cil\u201d, al n\u00famero 844-160-08-08, el Ayuntamiento elimin\u00f3 ramas bajas que imped\u00edan la visibilidad al interior del cauce, con el objetivo de incrementar la seguridad en este sector habitacional y garantizar un paso m\u00e1s seguro para las y los estudiantes de las instituciones educativas cercanas.<\/p>\n\n\n\n<p>De manera simult\u00e1nea, personal municipal realiz\u00f3 trabajos de deshierbe y limpieza general en las \u00e1reas verdes de la plaza p\u00fablica ubicada entre las calles Lago de Chapala, Lago de San Juan y el bulevar Humberto Hinojosa Dom\u00ednguez, en la colonia El Kiosko.<\/p>\n\n\n\n<p>Con estas acciones, el alcalde Javier D\u00edaz Gonz\u00e1lez impulsa una ciudad con entornos m\u00e1s seguros, limpios y ordenados para beneficio de las familias saltillenses y de quienes visitan la capital de Coahuila.<\/p>\n","protected":false},"excerpt":{"rendered":"<p>Promueve Gobierno de Saltillo el respeto a las normas de tr\u00e1nsito y facilita la convivencia entre los distintos tipos de veh\u00edculos Interviene \u201cAqu\u00ed Andamos\u201d \u00e1reas verdes y plazas p\u00fablicas por toda la ciudad Saltillo, Coahuila de Zaragoza; 16 de enero de 2026.- Con el objetivo de fortalecer la seguridad vial y optimizar la movilidad urbana, [&hellip;]<\/p>\n","protected":false},"author":4,"featured_media":22699,"comment_status":"open","ping_status":"open","sticky":false,"template":"","format":"standard","meta":[],"categories":[5],"tags":[],"_links":{"self":[{"href":"https:\/\/alertasaltillo.com\/index.php\/wp-json\/wp\/v2\/posts\/22698"}],"collection":[{"href":"https:\/\/alertasaltillo.com\/index.php\/wp-json\/wp\/v2\/posts"}],"about":[{"href":"https:\/\/alertasaltillo.com\/index.php\/wp-json\/wp\/v2\/types\/post"}],"author":[{"embeddable":true,"href":"https:\/\/alertasaltillo.com\/index.php\/wp-json\/wp\/v2\/users\/4"}],"replies":[{"embeddable":true,"href":"https:\/\/alertasaltillo.com\/index.php\/wp-json\/wp\/v2\/comments?post=22698"}],"version-history":[{"count":1,"href":"https:\/\/alertasaltillo.com\/index.php\/wp-json\/wp\/v2\/posts\/22698\/revisions"}],"predecessor-version":[{"id":22700,"href":"https:\/\/alertasaltillo.com\/index.php\/wp-json\/wp\/v2\/posts\/22698\/revisions\/22700"}],"wp:featuredmedia":[{"embeddable":true,"href":"https:\/\/alertasaltillo.com\/index.php\/wp-json\/wp\/v2\/media\/22699"}],"wp:attachment":[{"href":"https:\/\/alertasaltillo.com\/index.php\/wp-json\/wp\/v2\/media?parent=22698"}],"wp:term":[{"taxonomy":"category","embeddable":true,"href":"https:\/\/alertasaltillo.com\/index.php\/wp-json\/wp\/v2\/categories?post=22698"},{"taxonomy":"post_tag","embeddable":true,"href":"https:\/\/alertasaltillo.com\/index.php\/wp-json\/wp\/v2\/tags?post=22698"}],"curies":[{"name":"wp","href":"https:\/\/api.w.org\/{rel}","templated":true}]}}